{"id":1253,"date":"2024-01-15T21:00:00","date_gmt":"2024-01-15T21:00:00","guid":{"rendered":"https:\/\/atras-univ-saida.dz\/en\/?p=1253"},"modified":"2025-02-01T10:13:53","modified_gmt":"2025-02-01T10:13:53","slug":"professional-development-for-educators-preparing-for-blended-learning-as-the-new-teaching-standard","status":"publish","type":"post","link":"https:\/\/atras-univ-saida.dz\/en\/?p=1253","title":{"rendered":"Article 04 Special Issue Vol 05"},"content":{"rendered":"\n<div id=\"section-ga12da8\" class=\"wp-block-gutentor-e1 section-ga12da8 gutentor-element gutentor-element-advanced-text text-align-center-desktop text-align-center-tablet text-align-center-mobile\"><div class=\"gutentor-text-wrap\"><h1 class=\"gutentor-text\"><strong>Title:&nbsp;<strong><strong><strong>Professional Development for Educators: Preparing for Blended Learning as the New Teaching Standard<\/strong><\/strong><\/strong><\/strong><\/h1><\/div><\/div>\n\n\n\n<div id=\"section-gb59ca8\" class=\"wp-block-gutentor-e1 section-gb59ca8 gutentor-element gutentor-element-advanced-text text-align-center-desktop text-align-center-tablet text-align-center-mobile\"><div class=\"gutentor-text-wrap\"><p class=\"gutentor-text\"><strong><strong><strong><strong><strong>Chourouk Farida Souidi<\/strong><\/strong><\/strong><\/strong><\/strong><\/p><\/div><\/div>\n\n\n\n<div id=\"section-gcf9487\" class=\"wp-block-gutentor-e1 section-gcf9487 gutentor-element gutentor-element-advanced-text text-align-center-desktop text-align-center-tablet text-align-center-mobile\"><div class=\"gutentor-text-wrap\"><p class=\"gutentor-text\"><strong><strong><strong><strong>University of Saida, Dr. Moulay Tahar (Algeria)<\/strong><\/strong><\/strong><\/strong><\/p><\/div><\/div>\n\n\n\n<div id=\"section-g646dac\" class=\"wp-block-gutentor-e1 section-g646dac gutentor-element gutentor-element-advanced-text text-align-center-desktop text-align-center-tablet text-align-center-mobile\"><div class=\"gutentor-text-wrap\"><p class=\"gutentor-text\"><strong><strong><strong><strong><strong>Asma Mahboubi<\/strong><\/strong><\/strong><\/strong><\/strong><\/p><\/div><\/div>\n\n\n\n<div id=\"section-g1f4a26\" class=\"wp-block-gutentor-e1 section-g1f4a26 gutentor-element gutentor-element-advanced-text text-align-center-desktop text-align-center-tablet text-align-center-mobile\"><div class=\"gutentor-text-wrap\"><p class=\"gutentor-text\"><strong><strong><strong><strong>University of Saida, Dr. Moulay Tahar (Algeria)<\/strong><\/strong><\/strong><\/strong><\/p><\/div><\/div>\n\n\n\n<div id=\"section-g690ad0\" class=\"wp-block-gutentor-e1 section-g690ad0 gutentor-element gutentor-element-advanced-text text-align-left-desktop text-align-left-tablet text-align-left-mobile\"><div class=\"gutentor-text-wrap\"><h1 class=\"gutentor-text\"><strong>Abstract<\/strong><\/h1><\/div><\/div>\n\n\n\n<div id=\"section-g90a994\" class=\"wp-block-gutentor-e1 section-g90a994 gutentor-element gutentor-element-advanced-text text-align-justify-desktop text-align-justify-tablet text-align-justify-mobile\"><div class=\"gutentor-text-wrap\"><p class=\"gutentor-text\">Abstract The COVID-19 pandemic has significantly altered the traditional learning environment in Algeria and resulted in a noticeable change in students\u2019 learning behaviors and teachers&#8217; methods of instruction. They had to adapt to online learning, which brought both challenges and opportunities for educational growth and development. Dr. Moulay Tahar University implemented online pedagogical platforms such as the Jitsi and Moodle apps in response to the COVID-19 pandemic. but they have since become an integral part of our educational approach in the post-COVID era. The seamless integration of online tools with traditional face-to-face lectures by university instructors has given birth to &#8220;blended learning.&#8221; This strategy combines the advantages of face-to-face instruction with the adaptability and accessibility of online resources thus, causing enhancement of students&#8217; overall learning experience. This study investigates the experiences of educators participating in integrated learning-related professional development programs. We investigate the efficacy of these programs, the readiness of educators, and their future expectations. The research also examines the difficulties educators confront in preparing for blended learning. It addresses issues associated with time constraints, technology access, and adapting to innovative teaching methods. We investigate how current professional development programs resolve these challenges and where enhancements are necessary. Finally, we look into the expectations teachers have for the future of professional development. This study provides an in-depth understanding of the function of training in preparing educators for blended learning as the new teaching standard. It invites conference attendees to participate in a discussion about influencing the future of education in a world that is constantly evolving.<\/p><\/div><\/div>\n\n\n\n<div id=\"section-gbac50f\" class=\"wp-block-gutentor-e1 section-gbac50f gutentor-element gutentor-element-advanced-text text-align-left-desktop text-align-left-tablet text-align-left-mobile\"><div class=\"gutentor-text-wrap\"><h1 class=\"gutentor-text\"><strong>Keywords<\/strong><\/h1><\/div><\/div>\n\n\n\n<div id=\"section-gb3c782\" class=\"wp-block-gutentor-e1 section-gb3c782 gutentor-element gutentor-element-advanced-text text-align-justify-desktop text-align-justify-tablet text-align-justify-mobile\"><div class=\"gutentor-text-wrap\"><p class=\"gutentor-text\">COVID-19, Blended learning, Face to face learning, Jitsi, Moodle, professional development programs<\/p><\/div><\/div>\n\n\n<div class=\"wp-block-image\">\n<figure class=\"aligncenter size-full is-resized\"><a href=\"https:\/\/drive.google.com\/file\/d\/1V_TgXgrW2URt1XsP_RrjV01AMnKzaVIz\/view?usp=drive_link\"><img loading=\"lazy\" decoding=\"async\" width=\"1000\" height=\"278\" src=\"https:\/\/atras-univ-saida.dz\/en\/wp-content\/uploads\/2024\/06\/image-2.png\" alt=\"\" class=\"wp-image-1136\" style=\"width:183px;height:auto\" srcset=\"https:\/\/atras-univ-saida.dz\/en\/wp-content\/uploads\/2024\/06\/image-2.png 1000w, https:\/\/atras-univ-saida.dz\/en\/wp-content\/uploads\/2024\/06\/image-2-300x83.png 300w, https:\/\/atras-univ-saida.dz\/en\/wp-content\/uploads\/2024\/06\/image-2-768x214.png 768w\" sizes=\"auto, (max-width: 1000px) 100vw, 1000px\" \/><\/a><\/figure>\n<\/div>\n\n\n<p class=\"has-text-align-center\"><br><\/p>\n\n\n\n<div id=\"section-g078f70\" class=\"wp-block-gutentor-e1 section-g078f70 gutentor-element gutentor-element-advanced-text text-align-left-desktop text-align-left-tablet text-align-left-mobile\"><div class=\"gutentor-text-wrap\"><h1 class=\"gutentor-text\"><strong><strong>How to Cite this Paper:<\/strong><\/strong><\/h1><\/div><\/div>\n\n\n\n<div id=\"section-gdc986a\" class=\"wp-block-gutentor-e1 section-gdc986a gutentor-element gutentor-element-advanced-text text-align-justify-desktop text-align-justify-tablet text-align-justify-mobile\"><div class=\"gutentor-text-wrap\"><p class=\"gutentor-text\">Souidi, F. C., &amp; Mahboubi, A. (2024). Professional Development for Educators: Preparing for Blended Learning as the New Teaching Standard. In <em>Proceedings of the First Online International Conference of Teaching and Learning in Post-COVID: Reality and Expectations, Saida University, 12-13 December, 2023,<\/em> pp. 39-50<\/p><\/div><\/div>\n\n\n\n<div id=\"section-gee68ad\" class=\"wp-block-gutentor-e1 section-gee68ad gutentor-element gutentor-element-advanced-text text-align-left-desktop text-align-left-tablet text-align-left-mobile\"><div class=\"gutentor-text-wrap\"><h1 class=\"gutentor-text\"><strong><strong>References<\/strong><\/strong><\/h1><\/div><\/div>\n\n\n\n<div id=\"section-gfaedbf\" class=\"wp-block-gutentor-e1 section-gfaedbf gutentor-element gutentor-element-advanced-text text-align-justify-desktop text-align-justify-tablet text-align-justify-mobile\"><div class=\"gutentor-text-wrap\"><p class=\"gutentor-text\">Ahmad, Z. (2018, May). <em>Evaluation of the training program for teachers on using the Moodle platform at the University of Oran 2.<\/em> In International Conference on Education and e-Learning (pp. 1-11). Springer, Cham.<br>Berbar, S., &amp; Ait Hamouda, K. (2019). Les TIC dans l&#8217;enseignement sup\u00e9rieur alg\u00e9rien: \u00e9tat des lieux et perspectives.<em>Revue Education et Formation, 46<\/em>(2), 213-225.<br>Brame, C. J. (2015). <em>Flipped learning: What it is and why it matters. <\/em>Stylus Publishing, LLC.<br>Chang, C. K., Yang, C. C., &amp; Lin, W. L. (2021). A meta-analysis of the effectiveness of blended learning in higher education.<em> Educational Technology Research and Development<\/em>, <em>69<\/em>(2), 705-728.<br>Graham, C. R., Allen, S., &amp; Ure\u00f1a, C. (2020). Blended learning: Definitions, designs, and research findings. In C. R. Graham, S. Allen, &amp; C. Ure\u00f1a (Eds.), <em>Blended learning: Research perspective<\/em>s (Vol. 3, pp. 3-21). Routledge.<br>Johnson, C. E., Adams Becker, S., Estrada, V., Freeman, A., &amp; Giesinger Hall, C. (2020).<em> NMC Horizon Report: 2020 Higher Education Edition<\/em>. Austin, Texas: The New Media Consortium.<br>Kouninef, N., Khelfaoui, B., &amp; Benchabane, D. (2015). L&#8217;int\u00e9gration des TIC dans l&#8217;enseignement sup\u00e9rieur alg\u00e9rien: Entre contraintes et perspectives. <em>Revue des Sciences de l&#8217;\u00e9ducation<\/em>, <em>41<\/em>(1), 205-218.<br>Laifa, M., Giglou, R. I., &amp;Akhrouf, S. (2023). <em>Blended Learning in Algeria: Assessing Students&#8217; Satisfaction and Future Preferences Using SEM and Sentiment Analysis<\/em>. Springer International Publishing. doi:10.1007\/s10755-023-09658-5<br>Means, B., Toyama, Y., Murphy, R., Bakia, M., &amp; Jones, K. (2010).<em> Evaluation of evidence-based practices in online learning: A meta-analysis and review of online learning studies<\/em>. [Report]. US Department of Education.<br>Morina, K., Zogaj, A., &amp; Ahmedi, A. (2020). B<em>lended learning: Theory, practice, and future trends. Journal of Educational Technology Development and Exchange,13<\/em>(4), 247-267.<br>Reed, H. C. (2014). <em>Blended learning in higher education: A synthesis of the literature. International Journal of Educational Technology in Higher Education<\/em>, <em>11<\/em>(1), 1-22.<br>Roy, S., &amp; Das, D. (2022). Factors impeding teachers&#8217; integration of technology in teaching: A study in Indian higher education.<em> Journal of Educational Technology Development and Exchange,15<\/em>(1), 13-26.<br>Simonson, M., Smaldino, S. E., Albright, M., &amp;Zvacek, S. (2011). <em>Teaching and learning at a distance: Foundations of distance education <\/em>(5th ed.). Information Age Publishing.<br>Sitzmann, T., Kraiger, K., Stewart, D., &amp; Cannon-Bowers, J. A. (2022). Blended learning: A meta-analysis of its effectiveness in employee training and development. <em>Journal of Management<\/em>, <em>48<\/em>(1), 104-140.<\/p><\/div><\/div>\n\n\n\n<figure class=\"wp-block-image size-full is-resized\"><img loading=\"lazy\" decoding=\"async\" width=\"145\" height=\"50\" src=\"https:\/\/atras-univ-saida.dz\/en\/wp-content\/uploads\/2025\/01\/image.png\" alt=\"\" class=\"wp-image-2538\" style=\"width:119px;height:auto\"\/><\/figure>\n\n\n\n<div id=\"section-g-6264hl4\" class=\"wp-block-gutentor-e1 section-g-6264hl4 gutentor-element gutentor-element-advanced-text text-align-justify-desktop\"><div class=\"gutentor-text-wrap\"><p class=\"gutentor-text\">Copyright for all articles published in&nbsp;<strong>ATRAS&nbsp;<\/strong>belongs to the author. The authors also grant permission to the publisher to publish, reproduce, distribute, and transmit the articles.&nbsp;<strong>ATRAS&nbsp;<\/strong>publishes accepted papers under the Creative Commons Attribution-NonCommercial 4.0 International (CC BY-NC 4.0) License. Authors submitting papers for publication in&nbsp;<strong>ATRAS&nbsp;<\/strong>agree to apply the CC BY-NC 4.0 license to their work. For non-commercial purposes, anyone may copy, redistribute material, remix, transform, and construct material in any media or format, provided that the terms of the license are observed and the original source is properly cited.<\/p><\/div><\/div>\n","protected":false},"excerpt":{"rendered":"<p>COVID-19, Blended learning, Face to face learning, Jitsi, Moodle, professional development programs<\/p>\n","protected":false},"author":2,"featured_media":1215,"comment_status":"closed","ping_status":"closed","sticky":false,"template":"","format":"standard","meta":{"footnotes":""},"categories":[66],"tags":[67,82,84,83,85],"class_list":["post-1253","post","type-post","status-publish","format-standard","has-post-thumbnail","hentry","category-vol-5-special-2024","tag-blended-learning","tag-covid-19","tag-face-to-face-learning","tag-jitsi","tag-moodle"],"gutentor_comment":0,"yoast_head":"<!-- This site is optimized with the Yoast SEO plugin v27.2 - https:\/\/yoast.com\/product\/yoast-seo-wordpress\/ -->\n<title>Article 04 Special Issue Vol 05 - ATRAS journal<\/title>\n<meta name=\"description\" content=\"Professional Development for Educators: Preparing for Blended Learning as the New Teaching Standard, COVID-19, Blended learning, Face to face learning, Jitsi, Moodle, professional development programs\" \/>\n<meta name=\"robots\" content=\"index, follow, max-snippet:-1, max-image-preview:large, max-video-preview:-1\" \/>\n<link rel=\"canonical\" href=\"https:\/\/atras-univ-saida.dz\/en\/?p=1253\" \/>\n<meta property=\"og:locale\" content=\"en_US\" \/>\n<meta property=\"og:type\" content=\"article\" \/>\n<meta property=\"og:title\" content=\"Professional Development for Educators: Preparing for Blended Learning as the New Teaching Standard\" \/>\n<meta property=\"og:description\" content=\"COVID-19, Blended learning, Face to face learning, Jitsi, Moodle, professional development programs\" \/>\n<meta property=\"og:url\" content=\"https:\/\/atras-univ-saida.dz\/en\/?p=1253\" \/>\n<meta property=\"og:site_name\" content=\"ATRAS journal\" \/>\n<meta property=\"article:publisher\" content=\"https:\/\/www.facebook.com\/p\/ATRAS-journal-100083161450894\/\" \/>\n<meta property=\"article:published_time\" content=\"2024-01-15T21:00:00+00:00\" \/>\n<meta property=\"article:modified_time\" content=\"2025-02-01T10:13:53+00:00\" \/>\n<meta property=\"og:image\" content=\"https:\/\/atras-univ-saida.dz\/en\/wp-content\/uploads\/2024\/01\/article.jpg\" \/>\n\t<meta property=\"og:image:width\" content=\"500\" \/>\n\t<meta property=\"og:image:height\" content=\"500\" \/>\n\t<meta property=\"og:image:type\" content=\"image\/jpeg\" \/>\n<meta name=\"author\" content=\"atras\" \/>\n<meta name=\"twitter:card\" content=\"summary_large_image\" \/>\n<meta name=\"twitter:title\" content=\"Professional Development for Educators: Preparing for Blended Learning as the New Teaching Standard\" \/>\n<meta name=\"twitter:description\" content=\"COVID-19, Blended learning, Face to face learning, Jitsi, Moodle, professional development programs\" \/>\n<meta name=\"twitter:image\" content=\"https:\/\/atras-univ-saida.dz\/en\/wp-content\/uploads\/2024\/01\/article.jpg\" \/>\n<meta name=\"twitter:label1\" content=\"Written by\" \/>\n\t<meta name=\"twitter:data1\" content=\"atras\" \/>\n\t<meta name=\"twitter:label2\" content=\"Est. reading time\" \/>\n\t<meta name=\"twitter:data2\" content=\"5 minutes\" \/>\n<script type=\"application\/ld+json\" class=\"yoast-schema-graph\">{\"@context\":\"https:\/\/schema.org\",\"@graph\":[{\"@type\":\"Article\",\"@id\":\"https:\/\/atras-univ-saida.dz\/en\/?p=1253#article\",\"isPartOf\":{\"@id\":\"https:\/\/atras-univ-saida.dz\/en\/?p=1253\"},\"author\":{\"name\":\"atras\",\"@id\":\"https:\/\/atras-univ-saida.dz\/en\/#\/schema\/person\/ad5e6fcff0b37638480b00e92868cd64\"},\"headline\":\"Article 04 Special Issue Vol 05\",\"datePublished\":\"2024-01-15T21:00:00+00:00\",\"dateModified\":\"2025-02-01T10:13:53+00:00\",\"mainEntityOfPage\":{\"@id\":\"https:\/\/atras-univ-saida.dz\/en\/?p=1253\"},\"wordCount\":826,\"publisher\":{\"@id\":\"https:\/\/atras-univ-saida.dz\/en\/#organization\"},\"image\":{\"@id\":\"https:\/\/atras-univ-saida.dz\/en\/?p=1253#primaryimage\"},\"thumbnailUrl\":\"https:\/\/atras-univ-saida.dz\/en\/wp-content\/uploads\/2024\/01\/article.jpg\",\"keywords\":[\"Blended Learning\",\"COVID-19\",\"Face to face learning\",\"Jitsi\",\"Moodle\"],\"articleSection\":[\"Vol 5 Special 2024\"],\"inLanguage\":\"en-US\"},{\"@type\":\"WebPage\",\"@id\":\"https:\/\/atras-univ-saida.dz\/en\/?p=1253\",\"url\":\"https:\/\/atras-univ-saida.dz\/en\/?p=1253\",\"name\":\"Article 04 Special Issue Vol 05 - ATRAS journal\",\"isPartOf\":{\"@id\":\"https:\/\/atras-univ-saida.dz\/en\/#website\"},\"primaryImageOfPage\":{\"@id\":\"https:\/\/atras-univ-saida.dz\/en\/?p=1253#primaryimage\"},\"image\":{\"@id\":\"https:\/\/atras-univ-saida.dz\/en\/?p=1253#primaryimage\"},\"thumbnailUrl\":\"https:\/\/atras-univ-saida.dz\/en\/wp-content\/uploads\/2024\/01\/article.jpg\",\"datePublished\":\"2024-01-15T21:00:00+00:00\",\"dateModified\":\"2025-02-01T10:13:53+00:00\",\"description\":\"Professional Development for Educators: Preparing for Blended Learning as the New Teaching Standard, COVID-19, Blended learning, Face to face learning, Jitsi, Moodle, professional development programs\",\"breadcrumb\":{\"@id\":\"https:\/\/atras-univ-saida.dz\/en\/?p=1253#breadcrumb\"},\"inLanguage\":\"en-US\",\"potentialAction\":[{\"@type\":\"ReadAction\",\"target\":[\"https:\/\/atras-univ-saida.dz\/en\/?p=1253\"]}]},{\"@type\":\"ImageObject\",\"inLanguage\":\"en-US\",\"@id\":\"https:\/\/atras-univ-saida.dz\/en\/?p=1253#primaryimage\",\"url\":\"https:\/\/atras-univ-saida.dz\/en\/wp-content\/uploads\/2024\/01\/article.jpg\",\"contentUrl\":\"https:\/\/atras-univ-saida.dz\/en\/wp-content\/uploads\/2024\/01\/article.jpg\",\"width\":500,\"height\":500},{\"@type\":\"BreadcrumbList\",\"@id\":\"https:\/\/atras-univ-saida.dz\/en\/?p=1253#breadcrumb\",\"itemListElement\":[{\"@type\":\"ListItem\",\"position\":1,\"name\":\"Home\",\"item\":\"https:\/\/atras-univ-saida.dz\/en\/\"},{\"@type\":\"ListItem\",\"position\":2,\"name\":\"Article 04 Special Issue Vol 05\"}]},{\"@type\":\"WebSite\",\"@id\":\"https:\/\/atras-univ-saida.dz\/en\/#website\",\"url\":\"https:\/\/atras-univ-saida.dz\/en\/\",\"name\":\"ATRAS journal\",\"description\":\"ATRAS is a double-blind, peer-reviewed, and multidisciplinary journal issued by the Faculty of Letters, Languages, and Arts, Saida University\",\"publisher\":{\"@id\":\"https:\/\/atras-univ-saida.dz\/en\/#organization\"},\"alternateName\":\"ATRAS journal\",\"potentialAction\":[{\"@type\":\"SearchAction\",\"target\":{\"@type\":\"EntryPoint\",\"urlTemplate\":\"https:\/\/atras-univ-saida.dz\/en\/?s={search_term_string}\"},\"query-input\":{\"@type\":\"PropertyValueSpecification\",\"valueRequired\":true,\"valueName\":\"search_term_string\"}}],\"inLanguage\":\"en-US\"},{\"@type\":\"Organization\",\"@id\":\"https:\/\/atras-univ-saida.dz\/en\/#organization\",\"name\":\"ATRAS journal\",\"alternateName\":\"ATRAS is a double-blind, peer-reviewed, and multidisciplinary journal issued by the Faculty of Letters, Languages, and Arts, Saida University\",\"url\":\"https:\/\/atras-univ-saida.dz\/en\/\",\"logo\":{\"@type\":\"ImageObject\",\"inLanguage\":\"en-US\",\"@id\":\"https:\/\/atras-univ-saida.dz\/en\/#\/schema\/logo\/image\/\",\"url\":\"https:\/\/atras-univ-saida.dz\/en\/wp-content\/uploads\/2024\/05\/logo-512x512-1.png\",\"contentUrl\":\"https:\/\/atras-univ-saida.dz\/en\/wp-content\/uploads\/2024\/05\/logo-512x512-1.png\",\"width\":512,\"height\":512,\"caption\":\"ATRAS journal\"},\"image\":{\"@id\":\"https:\/\/atras-univ-saida.dz\/en\/#\/schema\/logo\/image\/\"},\"sameAs\":[\"https:\/\/www.facebook.com\/p\/ATRAS-journal-100083161450894\/\"]},{\"@type\":\"Person\",\"@id\":\"https:\/\/atras-univ-saida.dz\/en\/#\/schema\/person\/ad5e6fcff0b37638480b00e92868cd64\",\"name\":\"atras\",\"image\":{\"@type\":\"ImageObject\",\"inLanguage\":\"en-US\",\"@id\":\"https:\/\/secure.gravatar.com\/avatar\/607d3e9ced6ad1403645c0d9854f1d33abaeefbd7fecc154ab8216f3dd005418?s=96&d=mm&r=g\",\"url\":\"https:\/\/secure.gravatar.com\/avatar\/607d3e9ced6ad1403645c0d9854f1d33abaeefbd7fecc154ab8216f3dd005418?s=96&d=mm&r=g\",\"contentUrl\":\"https:\/\/secure.gravatar.com\/avatar\/607d3e9ced6ad1403645c0d9854f1d33abaeefbd7fecc154ab8216f3dd005418?s=96&d=mm&r=g\",\"caption\":\"atras\"},\"url\":\"https:\/\/atras-univ-saida.dz\/en\/?author=2\"}]}<\/script>\n<!-- \/ Yoast SEO plugin. -->","yoast_head_json":{"title":"Article 04 Special Issue Vol 05 - ATRAS journal","description":"Professional Development for Educators: Preparing for Blended Learning as the New Teaching Standard, COVID-19, Blended learning, Face to face learning, Jitsi, Moodle, professional development programs","robots":{"index":"index","follow":"follow","max-snippet":"max-snippet:-1","max-image-preview":"max-image-preview:large","max-video-preview":"max-video-preview:-1"},"canonical":"https:\/\/atras-univ-saida.dz\/en\/?p=1253","og_locale":"en_US","og_type":"article","og_title":"Professional Development for Educators: Preparing for Blended Learning as the New Teaching Standard","og_description":"COVID-19, Blended learning, Face to face learning, Jitsi, Moodle, professional development programs","og_url":"https:\/\/atras-univ-saida.dz\/en\/?p=1253","og_site_name":"ATRAS journal","article_publisher":"https:\/\/www.facebook.com\/p\/ATRAS-journal-100083161450894\/","article_published_time":"2024-01-15T21:00:00+00:00","article_modified_time":"2025-02-01T10:13:53+00:00","og_image":[{"width":500,"height":500,"url":"https:\/\/atras-univ-saida.dz\/en\/wp-content\/uploads\/2024\/01\/article.jpg","type":"image\/jpeg"}],"author":"atras","twitter_card":"summary_large_image","twitter_title":"Professional Development for Educators: Preparing for Blended Learning as the New Teaching Standard","twitter_description":"COVID-19, Blended learning, Face to face learning, Jitsi, Moodle, professional development programs","twitter_image":"https:\/\/atras-univ-saida.dz\/en\/wp-content\/uploads\/2024\/01\/article.jpg","twitter_misc":{"Written by":"atras","Est. reading time":"5 minutes"},"schema":{"@context":"https:\/\/schema.org","@graph":[{"@type":"Article","@id":"https:\/\/atras-univ-saida.dz\/en\/?p=1253#article","isPartOf":{"@id":"https:\/\/atras-univ-saida.dz\/en\/?p=1253"},"author":{"name":"atras","@id":"https:\/\/atras-univ-saida.dz\/en\/#\/schema\/person\/ad5e6fcff0b37638480b00e92868cd64"},"headline":"Article 04 Special Issue Vol 05","datePublished":"2024-01-15T21:00:00+00:00","dateModified":"2025-02-01T10:13:53+00:00","mainEntityOfPage":{"@id":"https:\/\/atras-univ-saida.dz\/en\/?p=1253"},"wordCount":826,"publisher":{"@id":"https:\/\/atras-univ-saida.dz\/en\/#organization"},"image":{"@id":"https:\/\/atras-univ-saida.dz\/en\/?p=1253#primaryimage"},"thumbnailUrl":"https:\/\/atras-univ-saida.dz\/en\/wp-content\/uploads\/2024\/01\/article.jpg","keywords":["Blended Learning","COVID-19","Face to face learning","Jitsi","Moodle"],"articleSection":["Vol 5 Special 2024"],"inLanguage":"en-US"},{"@type":"WebPage","@id":"https:\/\/atras-univ-saida.dz\/en\/?p=1253","url":"https:\/\/atras-univ-saida.dz\/en\/?p=1253","name":"Article 04 Special Issue Vol 05 - ATRAS journal","isPartOf":{"@id":"https:\/\/atras-univ-saida.dz\/en\/#website"},"primaryImageOfPage":{"@id":"https:\/\/atras-univ-saida.dz\/en\/?p=1253#primaryimage"},"image":{"@id":"https:\/\/atras-univ-saida.dz\/en\/?p=1253#primaryimage"},"thumbnailUrl":"https:\/\/atras-univ-saida.dz\/en\/wp-content\/uploads\/2024\/01\/article.jpg","datePublished":"2024-01-15T21:00:00+00:00","dateModified":"2025-02-01T10:13:53+00:00","description":"Professional Development for Educators: Preparing for Blended Learning as the New Teaching Standard, COVID-19, Blended learning, Face to face learning, Jitsi, Moodle, professional development programs","breadcrumb":{"@id":"https:\/\/atras-univ-saida.dz\/en\/?p=1253#breadcrumb"},"inLanguage":"en-US","potentialAction":[{"@type":"ReadAction","target":["https:\/\/atras-univ-saida.dz\/en\/?p=1253"]}]},{"@type":"ImageObject","inLanguage":"en-US","@id":"https:\/\/atras-univ-saida.dz\/en\/?p=1253#primaryimage","url":"https:\/\/atras-univ-saida.dz\/en\/wp-content\/uploads\/2024\/01\/article.jpg","contentUrl":"https:\/\/atras-univ-saida.dz\/en\/wp-content\/uploads\/2024\/01\/article.jpg","width":500,"height":500},{"@type":"BreadcrumbList","@id":"https:\/\/atras-univ-saida.dz\/en\/?p=1253#breadcrumb","itemListElement":[{"@type":"ListItem","position":1,"name":"Home","item":"https:\/\/atras-univ-saida.dz\/en\/"},{"@type":"ListItem","position":2,"name":"Article 04 Special Issue Vol 05"}]},{"@type":"WebSite","@id":"https:\/\/atras-univ-saida.dz\/en\/#website","url":"https:\/\/atras-univ-saida.dz\/en\/","name":"ATRAS journal","description":"ATRAS is a double-blind, peer-reviewed, and multidisciplinary journal issued by the Faculty of Letters, Languages, and Arts, Saida University","publisher":{"@id":"https:\/\/atras-univ-saida.dz\/en\/#organization"},"alternateName":"ATRAS journal","potentialAction":[{"@type":"SearchAction","target":{"@type":"EntryPoint","urlTemplate":"https:\/\/atras-univ-saida.dz\/en\/?s={search_term_string}"},"query-input":{"@type":"PropertyValueSpecification","valueRequired":true,"valueName":"search_term_string"}}],"inLanguage":"en-US"},{"@type":"Organization","@id":"https:\/\/atras-univ-saida.dz\/en\/#organization","name":"ATRAS journal","alternateName":"ATRAS is a double-blind, peer-reviewed, and multidisciplinary journal issued by the Faculty of Letters, Languages, and Arts, Saida University","url":"https:\/\/atras-univ-saida.dz\/en\/","logo":{"@type":"ImageObject","inLanguage":"en-US","@id":"https:\/\/atras-univ-saida.dz\/en\/#\/schema\/logo\/image\/","url":"https:\/\/atras-univ-saida.dz\/en\/wp-content\/uploads\/2024\/05\/logo-512x512-1.png","contentUrl":"https:\/\/atras-univ-saida.dz\/en\/wp-content\/uploads\/2024\/05\/logo-512x512-1.png","width":512,"height":512,"caption":"ATRAS journal"},"image":{"@id":"https:\/\/atras-univ-saida.dz\/en\/#\/schema\/logo\/image\/"},"sameAs":["https:\/\/www.facebook.com\/p\/ATRAS-journal-100083161450894\/"]},{"@type":"Person","@id":"https:\/\/atras-univ-saida.dz\/en\/#\/schema\/person\/ad5e6fcff0b37638480b00e92868cd64","name":"atras","image":{"@type":"ImageObject","inLanguage":"en-US","@id":"https:\/\/secure.gravatar.com\/avatar\/607d3e9ced6ad1403645c0d9854f1d33abaeefbd7fecc154ab8216f3dd005418?s=96&d=mm&r=g","url":"https:\/\/secure.gravatar.com\/avatar\/607d3e9ced6ad1403645c0d9854f1d33abaeefbd7fecc154ab8216f3dd005418?s=96&d=mm&r=g","contentUrl":"https:\/\/secure.gravatar.com\/avatar\/607d3e9ced6ad1403645c0d9854f1d33abaeefbd7fecc154ab8216f3dd005418?s=96&d=mm&r=g","caption":"atras"},"url":"https:\/\/atras-univ-saida.dz\/en\/?author=2"}]}},"_links":{"self":[{"href":"https:\/\/atras-univ-saida.dz\/en\/index.php?rest_route=\/wp\/v2\/posts\/1253","targetHints":{"allow":["GET"]}}],"collection":[{"href":"https:\/\/atras-univ-saida.dz\/en\/index.php?rest_route=\/wp\/v2\/posts"}],"about":[{"href":"https:\/\/atras-univ-saida.dz\/en\/index.php?rest_route=\/wp\/v2\/types\/post"}],"author":[{"embeddable":true,"href":"https:\/\/atras-univ-saida.dz\/en\/index.php?rest_route=\/wp\/v2\/users\/2"}],"replies":[{"embeddable":true,"href":"https:\/\/atras-univ-saida.dz\/en\/index.php?rest_route=%2Fwp%2Fv2%2Fcomments&post=1253"}],"version-history":[{"count":3,"href":"https:\/\/atras-univ-saida.dz\/en\/index.php?rest_route=\/wp\/v2\/posts\/1253\/revisions"}],"predecessor-version":[{"id":2643,"href":"https:\/\/atras-univ-saida.dz\/en\/index.php?rest_route=\/wp\/v2\/posts\/1253\/revisions\/2643"}],"wp:featuredmedia":[{"embeddable":true,"href":"https:\/\/atras-univ-saida.dz\/en\/index.php?rest_route=\/wp\/v2\/media\/1215"}],"wp:attachment":[{"href":"https:\/\/atras-univ-saida.dz\/en\/index.php?rest_route=%2Fwp%2Fv2%2Fmedia&parent=1253"}],"wp:term":[{"taxonomy":"category","embeddable":true,"href":"https:\/\/atras-univ-saida.dz\/en\/index.php?rest_route=%2Fwp%2Fv2%2Fcategories&post=1253"},{"taxonomy":"post_tag","embeddable":true,"href":"https:\/\/atras-univ-saida.dz\/en\/index.php?rest_route=%2Fwp%2Fv2%2Ftags&post=1253"}],"curies":[{"name":"wp","href":"https:\/\/api.w.org\/{rel}","templated":true}]}}