{"id":1699,"date":"2021-01-15T21:00:00","date_gmt":"2021-01-15T21:00:00","guid":{"rendered":"https:\/\/atras-univ-saida.dz\/en\/?p=1699"},"modified":"2025-02-01T16:05:50","modified_gmt":"2025-02-01T16:05:50","slug":"the-dramatization-of-philosophical-discourse-in-huis-clos-by-jean-paul-sartre-la-theatralisation-du-discours-philosophique-dans-huis-clos-de-jean-paul-sartre","status":"publish","type":"post","link":"https:\/\/atras-univ-saida.dz\/en\/?p=1699","title":{"rendered":"Article 08 Issue 01 VOL 5 January 2024"},"content":{"rendered":"\n<div id=\"section-g69cead\" class=\"wp-block-gutentor-e1 section-g69cead gutentor-element gutentor-element-advanced-text text-align-center-desktop text-align-center-tablet text-align-center-mobile\"><div class=\"gutentor-text-wrap\"><h1 class=\"gutentor-text\"><strong>Title:&nbsp;<\/strong><br><strong>The dramatization of philosophical discourse in Huis-clos by Jean-Paul Sartre<\/strong><br><strong>La th\u00e9\u00e2tralisation du discours philosophique dans Huis-clos de Jean-Paul Sartre<\/strong><\/h1><\/div><\/div>\n\n\n\n<div id=\"section-g934f0f\" class=\"wp-block-gutentor-e1 section-g934f0f gutentor-element gutentor-element-advanced-text text-align-center-desktop text-align-center-tablet text-align-center-mobile\"><div class=\"gutentor-text-wrap\"><p class=\"gutentor-text\"><strong><em>Mohammed Yacine MESKINE<\/em><\/strong><br><strong>Universit\u00e9 de Saida Dr Moulay Tahar<\/strong><\/p><\/div><\/div>\n\n\n\n<div id=\"section-ga3cdab\" class=\"wp-block-gutentor-e1 section-ga3cdab gutentor-element gutentor-element-advanced-text text-align-left-desktop text-align-left-tablet text-align-left-mobile\"><div class=\"gutentor-text-wrap\"><h1 class=\"gutentor-text\"><strong>Abstract<\/strong><\/h1><\/div><\/div>\n\n\n\n<div id=\"section-g0aeba4\" class=\"wp-block-gutentor-e1 section-g0aeba4 gutentor-element gutentor-element-advanced-text text-align-justify-desktop text-align-justify-tablet text-align-justify-mobile\"><div class=\"gutentor-text-wrap\"><p class=\"gutentor-text\">Cet article s\u2019int\u00e9resse \u00e0 la mise en sc\u00e8ne des id\u00e9es philosophiques de J.-P. Sartre, d\u00e9velopp\u00e9es dans sa pi\u00e8ce de th\u00e9\u00e2tre Huis-clos (1944). Il est question de voir comment cet auteur se sert des composants de l\u2019art dramatique comme support pour exposer et illustrer ses th\u00e8ses philosophiques, particuli\u00e8rement le concept de l\u2019alt\u00e9rit\u00e9, qui tire ses fondements de son c\u00e9l\u00e8bre essai sur la ph\u00e9nom\u00e9nologie ontologique L\u2019\u00catre et le N\u00e9ant, publi\u00e9 un peu plus t\u00f4t, en 1943 et qui pose les jalons de l\u2019existentialisme fran\u00e7ais. Cette lecture interpr\u00e9tative consiste \u00e0 analyser les diff\u00e9rents champs constituant le texte, notamment les th\u00e8mes, l\u2019\u00e9criture dialogale et l\u2019\u00e9criture sc\u00e9nique.<\/p><\/div><\/div>\n\n\n\n<div id=\"section-gcef38a\" class=\"wp-block-gutentor-e1 section-gcef38a gutentor-element gutentor-element-advanced-text text-align-left-desktop text-align-left-tablet text-align-left-mobile\"><div class=\"gutentor-text-wrap\"><h1 class=\"gutentor-text\"><strong>Keywords:<\/strong><\/h1><\/div><\/div>\n\n\n\n<div id=\"section-g5fc3d1\" class=\"wp-block-gutentor-e1 section-g5fc3d1 gutentor-element gutentor-element-advanced-text text-align-justify-desktop text-align-justify-tablet text-align-justify-mobile\"><div class=\"gutentor-text-wrap\"><p class=\"gutentor-text\">Sartre- Existentialisme- Alt\u00e9rit\u00e9- Philosophie- Huis-clos<\/p><\/div><\/div>\n\n\n<div class=\"wp-block-image\">\n<figure class=\"aligncenter size-full is-resized\"><a href=\"https:\/\/drive.google.com\/file\/d\/1lf87k8wfZQN7YAWWj8sEcu5CZy2dpJJJ\/view?usp=drive_link\"><img loading=\"lazy\" decoding=\"async\" width=\"1000\" height=\"278\" src=\"https:\/\/atras-univ-saida.dz\/en\/wp-content\/uploads\/2024\/06\/image-2.png\" alt=\"\" class=\"wp-image-1136\" style=\"width:183px;height:auto\" srcset=\"https:\/\/atras-univ-saida.dz\/en\/wp-content\/uploads\/2024\/06\/image-2.png 1000w, https:\/\/atras-univ-saida.dz\/en\/wp-content\/uploads\/2024\/06\/image-2-300x83.png 300w, https:\/\/atras-univ-saida.dz\/en\/wp-content\/uploads\/2024\/06\/image-2-768x214.png 768w\" sizes=\"auto, (max-width: 1000px) 100vw, 1000px\" \/><\/a><\/figure>\n<\/div>\n\n\n<div id=\"section-g1393a9\" class=\"wp-block-gutentor-e1 section-g1393a9 gutentor-element gutentor-element-advanced-text text-align-left-desktop text-align-left-tablet text-align-left-mobile\"><div class=\"gutentor-text-wrap\"><h1 class=\"gutentor-text\"><strong><strong>How to Cite this Paper:<\/strong><\/strong><\/h1><\/div><\/div>\n\n\n\n<div id=\"section-gbaf39d\" class=\"wp-block-gutentor-e1 section-gbaf39d gutentor-element gutentor-element-advanced-text text-align-justify-desktop text-align-justify-tablet text-align-justify-mobile\"><div class=\"gutentor-text-wrap\"><p class=\"gutentor-text\">Meskine, M. Y. (2022). La th\u00e9\u00e2tralisation du discours philosophique dans Huis-clos de Jean-Paul Sartre. <em>Atras Journal, 2<\/em>(1), 33-50<\/p><\/div><\/div>\n\n\n\n<div id=\"section-gb4e65a\" class=\"wp-block-gutentor-e1 section-gb4e65a gutentor-element gutentor-element-advanced-text text-align-left-desktop text-align-left-tablet text-align-left-mobile\"><div class=\"gutentor-text-wrap\"><h1 class=\"gutentor-text\"><strong>References<\/strong><\/h1><\/div><\/div>\n\n\n\n<div id=\"section-g55bbf1\" class=\"wp-block-gutentor-e1 section-g55bbf1 gutentor-element gutentor-element-advanced-text text-align-justify-desktop text-align-justify-tablet text-align-justify-mobile\"><div class=\"gutentor-text-wrap\"><p class=\"gutentor-text\">Gall\u00e8pe, Theirry, (1998), Didascalies, les mots de la mise en sc\u00e8ne, L&#8217;Harmattan, Paris.<br>Jouve, Vincent, (2007), Po\u00e9tique du roman, A. Colin, Paris.<br>Kerbrat-Orecchioni, Catherine, (1986), <em>L&#8217;implicite<\/em>, A. Colin, Paris.<br>Pavis, Patrice, (1980), Dictionnaire du th\u00e9\u00e2tre, Les \u00e9ditions sociales, Paris.<br>Sarfati, George-Elia, (2005), \u00c9l\u00e9ments d&#8217;analyse du discours, Armand Colin, Paris.<br>Sartre, Jean Paul, (1947), Huis clos. Gallimard, Paris.<br>Sartre, Jean Paul, (1943), L&#8217;\u00eatre et le n\u00e9ant, Gallimard, Collection Tel, Paris.<br>Sartre, Jean Paul, (1946), L\u2019existentialisme est un humanisme, Nagel, Paris.<br>Ubersfeld, Anne, (1977), <em>Lire le th\u00e9\u00e2tre I<\/em>, \u00c9ditions sociales, Paris.<br>Ubersfeld, Anne, (1996), Les termes cl\u00e9s de l&#8217;analyse du th\u00e9\u00e2tre, Le Seuil, Paris.<br>Tom\u00e8s, Arnaud, (2005\/2), \u00ab Petit lexique sartrien \u00bb, Dans Cit\u00e9s, (N\u00b0 22), pages 185 \u00e0 196.<\/p><\/div><\/div>\n\n\n\n<figure class=\"wp-block-image size-full is-resized\"><img loading=\"lazy\" decoding=\"async\" width=\"145\" height=\"50\" src=\"https:\/\/atras-univ-saida.dz\/en\/wp-content\/uploads\/2025\/01\/image.png\" alt=\"\" class=\"wp-image-2538\" style=\"width:119px;height:auto\"\/><\/figure>\n\n\n\n<div id=\"section-g-6264hl4\" class=\"wp-block-gutentor-e1 section-g-6264hl4 gutentor-element gutentor-element-advanced-text text-align-justify-desktop\"><div class=\"gutentor-text-wrap\"><p class=\"gutentor-text\">Copyright for all articles published in&nbsp;<strong>ATRAS&nbsp;<\/strong>belongs to the author. The authors also grant permission to the publisher to publish, reproduce, distribute, and transmit the articles.&nbsp;<strong>ATRAS&nbsp;<\/strong>publishes accepted papers under the Creative Commons Attribution-NonCommercial 4.0 International (CC BY-NC 4.0) License. Authors submitting papers for publication in&nbsp;<strong>ATRAS&nbsp;<\/strong>agree to apply the CC BY-NC 4.0 license to their work. For non-commercial purposes, anyone may copy, redistribute material, remix, transform, and construct material in any media or format, provided that the terms of the license are observed and the original source is properly cited.<\/p><\/div><\/div>\n","protected":false},"excerpt":{"rendered":"<p>La th\u00e9\u00e2tralisation du discours philosophique dans Huis-clos de Jean-Paul Sartre, Sartre- Existentialisme- Alt\u00e9rit\u00e9- Philosophie- Huis-clos, <\/p>\n","protected":false},"author":2,"featured_media":1282,"comment_status":"closed","ping_status":"closed","sticky":false,"template":"","format":"standard","meta":{"footnotes":""},"categories":[228],"tags":[],"class_list":["post-1699","post","type-post","status-publish","format-standard","has-post-thumbnail","hentry","category-vol-02-n01-2021"],"gutentor_comment":0,"yoast_head":"<!-- This site is optimized with the Yoast SEO plugin v27.2 - https:\/\/yoast.com\/product\/yoast-seo-wordpress\/ -->\n<title>Article 08 Issue 01 VOL 5 January 2024 - ATRAS journal<\/title>\n<meta name=\"description\" content=\"La th\u00e9\u00e2tralisation du discours philosophique dans Huis-clos de Jean-Paul Sartre, Sartre- Existentialisme- Alt\u00e9rit\u00e9- Philosophie- Huis-clos, La th\u00e9\u00e2tralisation du discours philosophique dans Huis-clos de Jean-Paul Sartre, Sartre- Existentialisme- Alt\u00e9rit\u00e9- Philosophie- Huis-clos,\" \/>\n<meta name=\"robots\" content=\"index, follow, max-snippet:-1, max-image-preview:large, max-video-preview:-1\" \/>\n<link rel=\"canonical\" href=\"https:\/\/atras-univ-saida.dz\/en\/?p=1699\" \/>\n<meta property=\"og:locale\" content=\"en_US\" \/>\n<meta property=\"og:type\" content=\"article\" \/>\n<meta property=\"og:title\" content=\"The dramatization of philosophical discourse in Huis-clos by Jean-Paul Sartre\" \/>\n<meta property=\"og:description\" content=\"La th\u00e9\u00e2tralisation du discours philosophique dans Huis-clos de Jean-Paul Sartre, Sartre- Existentialisme- Alt\u00e9rit\u00e9- Philosophie- Huis-clos,\" \/>\n<meta property=\"og:url\" content=\"https:\/\/atras-univ-saida.dz\/en\/?p=1699\" \/>\n<meta property=\"og:site_name\" content=\"ATRAS journal\" \/>\n<meta property=\"article:publisher\" content=\"https:\/\/www.facebook.com\/p\/ATRAS-journal-100083161450894\/\" \/>\n<meta property=\"article:published_time\" content=\"2021-01-15T21:00:00+00:00\" \/>\n<meta property=\"article:modified_time\" content=\"2025-02-01T16:05:50+00:00\" \/>\n<meta property=\"og:image\" content=\"https:\/\/atras-univ-saida.dz\/en\/wp-content\/uploads\/2024\/06\/plume-article-02-300x300-1.png\" \/>\n\t<meta property=\"og:image:width\" content=\"300\" \/>\n\t<meta property=\"og:image:height\" content=\"300\" \/>\n\t<meta property=\"og:image:type\" content=\"image\/png\" \/>\n<meta name=\"author\" content=\"atras\" \/>\n<meta name=\"twitter:card\" content=\"summary_large_image\" \/>\n<meta name=\"twitter:title\" content=\"The dramatization of philosophical discourse in Huis-clos by Jean-Paul Sartre\" \/>\n<meta name=\"twitter:description\" content=\"La th\u00e9\u00e2tralisation du discours philosophique dans Huis-clos de Jean-Paul Sartre, Sartre- Existentialisme- Alt\u00e9rit\u00e9- Philosophie- Huis-clos,\" \/>\n<meta name=\"twitter:image\" content=\"https:\/\/atras-univ-saida.dz\/en\/wp-content\/uploads\/2024\/06\/plume-article-02-300x300-1.png\" \/>\n<meta name=\"twitter:label1\" content=\"Written by\" \/>\n\t<meta name=\"twitter:data1\" content=\"atras\" \/>\n\t<meta name=\"twitter:label2\" content=\"Est. reading time\" \/>\n\t<meta name=\"twitter:data2\" content=\"3 minutes\" \/>\n<script type=\"application\/ld+json\" class=\"yoast-schema-graph\">{\"@context\":\"https:\/\/schema.org\",\"@graph\":[{\"@type\":\"Article\",\"@id\":\"https:\/\/atras-univ-saida.dz\/en\/?p=1699#article\",\"isPartOf\":{\"@id\":\"https:\/\/atras-univ-saida.dz\/en\/?p=1699\"},\"author\":{\"name\":\"atras\",\"@id\":\"https:\/\/atras-univ-saida.dz\/en\/#\/schema\/person\/ad5e6fcff0b37638480b00e92868cd64\"},\"headline\":\"Article 08 Issue 01 VOL 5 January 2024\",\"datePublished\":\"2021-01-15T21:00:00+00:00\",\"dateModified\":\"2025-02-01T16:05:50+00:00\",\"mainEntityOfPage\":{\"@id\":\"https:\/\/atras-univ-saida.dz\/en\/?p=1699\"},\"wordCount\":410,\"publisher\":{\"@id\":\"https:\/\/atras-univ-saida.dz\/en\/#organization\"},\"image\":{\"@id\":\"https:\/\/atras-univ-saida.dz\/en\/?p=1699#primaryimage\"},\"thumbnailUrl\":\"https:\/\/atras-univ-saida.dz\/en\/wp-content\/uploads\/2024\/06\/plume-article-02-300x300-1.png\",\"articleSection\":[\"Vol 02 N01 2021\"],\"inLanguage\":\"en-US\"},{\"@type\":\"WebPage\",\"@id\":\"https:\/\/atras-univ-saida.dz\/en\/?p=1699\",\"url\":\"https:\/\/atras-univ-saida.dz\/en\/?p=1699\",\"name\":\"Article 08 Issue 01 VOL 5 January 2024 - ATRAS journal\",\"isPartOf\":{\"@id\":\"https:\/\/atras-univ-saida.dz\/en\/#website\"},\"primaryImageOfPage\":{\"@id\":\"https:\/\/atras-univ-saida.dz\/en\/?p=1699#primaryimage\"},\"image\":{\"@id\":\"https:\/\/atras-univ-saida.dz\/en\/?p=1699#primaryimage\"},\"thumbnailUrl\":\"https:\/\/atras-univ-saida.dz\/en\/wp-content\/uploads\/2024\/06\/plume-article-02-300x300-1.png\",\"datePublished\":\"2021-01-15T21:00:00+00:00\",\"dateModified\":\"2025-02-01T16:05:50+00:00\",\"description\":\"La th\u00e9\u00e2tralisation du discours philosophique dans Huis-clos de Jean-Paul Sartre, Sartre- Existentialisme- Alt\u00e9rit\u00e9- Philosophie- Huis-clos, La th\u00e9\u00e2tralisation du discours philosophique dans Huis-clos de Jean-Paul Sartre, Sartre- Existentialisme- Alt\u00e9rit\u00e9- Philosophie- Huis-clos,\",\"breadcrumb\":{\"@id\":\"https:\/\/atras-univ-saida.dz\/en\/?p=1699#breadcrumb\"},\"inLanguage\":\"en-US\",\"potentialAction\":[{\"@type\":\"ReadAction\",\"target\":[\"https:\/\/atras-univ-saida.dz\/en\/?p=1699\"]}]},{\"@type\":\"ImageObject\",\"inLanguage\":\"en-US\",\"@id\":\"https:\/\/atras-univ-saida.dz\/en\/?p=1699#primaryimage\",\"url\":\"https:\/\/atras-univ-saida.dz\/en\/wp-content\/uploads\/2024\/06\/plume-article-02-300x300-1.png\",\"contentUrl\":\"https:\/\/atras-univ-saida.dz\/en\/wp-content\/uploads\/2024\/06\/plume-article-02-300x300-1.png\",\"width\":300,\"height\":300,\"caption\":\"created by mebarki merouane ATRAS journal\"},{\"@type\":\"BreadcrumbList\",\"@id\":\"https:\/\/atras-univ-saida.dz\/en\/?p=1699#breadcrumb\",\"itemListElement\":[{\"@type\":\"ListItem\",\"position\":1,\"name\":\"Home\",\"item\":\"https:\/\/atras-univ-saida.dz\/en\/\"},{\"@type\":\"ListItem\",\"position\":2,\"name\":\"Article 08 Issue 01 VOL 5 January 2024\"}]},{\"@type\":\"WebSite\",\"@id\":\"https:\/\/atras-univ-saida.dz\/en\/#website\",\"url\":\"https:\/\/atras-univ-saida.dz\/en\/\",\"name\":\"ATRAS journal\",\"description\":\"ATRAS is a double-blind, peer-reviewed, and multidisciplinary journal issued by the Faculty of Letters, Languages, and Arts, Saida University\",\"publisher\":{\"@id\":\"https:\/\/atras-univ-saida.dz\/en\/#organization\"},\"alternateName\":\"ATRAS journal\",\"potentialAction\":[{\"@type\":\"SearchAction\",\"target\":{\"@type\":\"EntryPoint\",\"urlTemplate\":\"https:\/\/atras-univ-saida.dz\/en\/?s={search_term_string}\"},\"query-input\":{\"@type\":\"PropertyValueSpecification\",\"valueRequired\":true,\"valueName\":\"search_term_string\"}}],\"inLanguage\":\"en-US\"},{\"@type\":\"Organization\",\"@id\":\"https:\/\/atras-univ-saida.dz\/en\/#organization\",\"name\":\"ATRAS journal\",\"alternateName\":\"ATRAS is a double-blind, peer-reviewed, and multidisciplinary journal issued by the Faculty of Letters, Languages, and Arts, Saida University\",\"url\":\"https:\/\/atras-univ-saida.dz\/en\/\",\"logo\":{\"@type\":\"ImageObject\",\"inLanguage\":\"en-US\",\"@id\":\"https:\/\/atras-univ-saida.dz\/en\/#\/schema\/logo\/image\/\",\"url\":\"https:\/\/atras-univ-saida.dz\/en\/wp-content\/uploads\/2024\/05\/logo-512x512-1.png\",\"contentUrl\":\"https:\/\/atras-univ-saida.dz\/en\/wp-content\/uploads\/2024\/05\/logo-512x512-1.png\",\"width\":512,\"height\":512,\"caption\":\"ATRAS journal\"},\"image\":{\"@id\":\"https:\/\/atras-univ-saida.dz\/en\/#\/schema\/logo\/image\/\"},\"sameAs\":[\"https:\/\/www.facebook.com\/p\/ATRAS-journal-100083161450894\/\"]},{\"@type\":\"Person\",\"@id\":\"https:\/\/atras-univ-saida.dz\/en\/#\/schema\/person\/ad5e6fcff0b37638480b00e92868cd64\",\"name\":\"atras\",\"image\":{\"@type\":\"ImageObject\",\"inLanguage\":\"en-US\",\"@id\":\"https:\/\/secure.gravatar.com\/avatar\/607d3e9ced6ad1403645c0d9854f1d33abaeefbd7fecc154ab8216f3dd005418?s=96&d=mm&r=g\",\"url\":\"https:\/\/secure.gravatar.com\/avatar\/607d3e9ced6ad1403645c0d9854f1d33abaeefbd7fecc154ab8216f3dd005418?s=96&d=mm&r=g\",\"contentUrl\":\"https:\/\/secure.gravatar.com\/avatar\/607d3e9ced6ad1403645c0d9854f1d33abaeefbd7fecc154ab8216f3dd005418?s=96&d=mm&r=g\",\"caption\":\"atras\"},\"url\":\"https:\/\/atras-univ-saida.dz\/en\/?author=2\"}]}<\/script>\n<!-- \/ Yoast SEO plugin. -->","yoast_head_json":{"title":"Article 08 Issue 01 VOL 5 January 2024 - ATRAS journal","description":"La th\u00e9\u00e2tralisation du discours philosophique dans Huis-clos de Jean-Paul Sartre, Sartre- Existentialisme- Alt\u00e9rit\u00e9- Philosophie- Huis-clos, La th\u00e9\u00e2tralisation du discours philosophique dans Huis-clos de Jean-Paul Sartre, Sartre- Existentialisme- Alt\u00e9rit\u00e9- Philosophie- Huis-clos,","robots":{"index":"index","follow":"follow","max-snippet":"max-snippet:-1","max-image-preview":"max-image-preview:large","max-video-preview":"max-video-preview:-1"},"canonical":"https:\/\/atras-univ-saida.dz\/en\/?p=1699","og_locale":"en_US","og_type":"article","og_title":"The dramatization of philosophical discourse in Huis-clos by Jean-Paul Sartre","og_description":"La th\u00e9\u00e2tralisation du discours philosophique dans Huis-clos de Jean-Paul Sartre, Sartre- Existentialisme- Alt\u00e9rit\u00e9- Philosophie- Huis-clos,","og_url":"https:\/\/atras-univ-saida.dz\/en\/?p=1699","og_site_name":"ATRAS journal","article_publisher":"https:\/\/www.facebook.com\/p\/ATRAS-journal-100083161450894\/","article_published_time":"2021-01-15T21:00:00+00:00","article_modified_time":"2025-02-01T16:05:50+00:00","og_image":[{"width":300,"height":300,"url":"https:\/\/atras-univ-saida.dz\/en\/wp-content\/uploads\/2024\/06\/plume-article-02-300x300-1.png","type":"image\/png"}],"author":"atras","twitter_card":"summary_large_image","twitter_title":"The dramatization of philosophical discourse in Huis-clos by Jean-Paul Sartre","twitter_description":"La th\u00e9\u00e2tralisation du discours philosophique dans Huis-clos de Jean-Paul Sartre, Sartre- Existentialisme- Alt\u00e9rit\u00e9- Philosophie- Huis-clos,","twitter_image":"https:\/\/atras-univ-saida.dz\/en\/wp-content\/uploads\/2024\/06\/plume-article-02-300x300-1.png","twitter_misc":{"Written by":"atras","Est. reading time":"3 minutes"},"schema":{"@context":"https:\/\/schema.org","@graph":[{"@type":"Article","@id":"https:\/\/atras-univ-saida.dz\/en\/?p=1699#article","isPartOf":{"@id":"https:\/\/atras-univ-saida.dz\/en\/?p=1699"},"author":{"name":"atras","@id":"https:\/\/atras-univ-saida.dz\/en\/#\/schema\/person\/ad5e6fcff0b37638480b00e92868cd64"},"headline":"Article 08 Issue 01 VOL 5 January 2024","datePublished":"2021-01-15T21:00:00+00:00","dateModified":"2025-02-01T16:05:50+00:00","mainEntityOfPage":{"@id":"https:\/\/atras-univ-saida.dz\/en\/?p=1699"},"wordCount":410,"publisher":{"@id":"https:\/\/atras-univ-saida.dz\/en\/#organization"},"image":{"@id":"https:\/\/atras-univ-saida.dz\/en\/?p=1699#primaryimage"},"thumbnailUrl":"https:\/\/atras-univ-saida.dz\/en\/wp-content\/uploads\/2024\/06\/plume-article-02-300x300-1.png","articleSection":["Vol 02 N01 2021"],"inLanguage":"en-US"},{"@type":"WebPage","@id":"https:\/\/atras-univ-saida.dz\/en\/?p=1699","url":"https:\/\/atras-univ-saida.dz\/en\/?p=1699","name":"Article 08 Issue 01 VOL 5 January 2024 - ATRAS journal","isPartOf":{"@id":"https:\/\/atras-univ-saida.dz\/en\/#website"},"primaryImageOfPage":{"@id":"https:\/\/atras-univ-saida.dz\/en\/?p=1699#primaryimage"},"image":{"@id":"https:\/\/atras-univ-saida.dz\/en\/?p=1699#primaryimage"},"thumbnailUrl":"https:\/\/atras-univ-saida.dz\/en\/wp-content\/uploads\/2024\/06\/plume-article-02-300x300-1.png","datePublished":"2021-01-15T21:00:00+00:00","dateModified":"2025-02-01T16:05:50+00:00","description":"La th\u00e9\u00e2tralisation du discours philosophique dans Huis-clos de Jean-Paul Sartre, Sartre- Existentialisme- Alt\u00e9rit\u00e9- Philosophie- Huis-clos, La th\u00e9\u00e2tralisation du discours philosophique dans Huis-clos de Jean-Paul Sartre, Sartre- Existentialisme- Alt\u00e9rit\u00e9- Philosophie- Huis-clos,","breadcrumb":{"@id":"https:\/\/atras-univ-saida.dz\/en\/?p=1699#breadcrumb"},"inLanguage":"en-US","potentialAction":[{"@type":"ReadAction","target":["https:\/\/atras-univ-saida.dz\/en\/?p=1699"]}]},{"@type":"ImageObject","inLanguage":"en-US","@id":"https:\/\/atras-univ-saida.dz\/en\/?p=1699#primaryimage","url":"https:\/\/atras-univ-saida.dz\/en\/wp-content\/uploads\/2024\/06\/plume-article-02-300x300-1.png","contentUrl":"https:\/\/atras-univ-saida.dz\/en\/wp-content\/uploads\/2024\/06\/plume-article-02-300x300-1.png","width":300,"height":300,"caption":"created by mebarki merouane ATRAS journal"},{"@type":"BreadcrumbList","@id":"https:\/\/atras-univ-saida.dz\/en\/?p=1699#breadcrumb","itemListElement":[{"@type":"ListItem","position":1,"name":"Home","item":"https:\/\/atras-univ-saida.dz\/en\/"},{"@type":"ListItem","position":2,"name":"Article 08 Issue 01 VOL 5 January 2024"}]},{"@type":"WebSite","@id":"https:\/\/atras-univ-saida.dz\/en\/#website","url":"https:\/\/atras-univ-saida.dz\/en\/","name":"ATRAS journal","description":"ATRAS is a double-blind, peer-reviewed, and multidisciplinary journal issued by the Faculty of Letters, Languages, and Arts, Saida University","publisher":{"@id":"https:\/\/atras-univ-saida.dz\/en\/#organization"},"alternateName":"ATRAS journal","potentialAction":[{"@type":"SearchAction","target":{"@type":"EntryPoint","urlTemplate":"https:\/\/atras-univ-saida.dz\/en\/?s={search_term_string}"},"query-input":{"@type":"PropertyValueSpecification","valueRequired":true,"valueName":"search_term_string"}}],"inLanguage":"en-US"},{"@type":"Organization","@id":"https:\/\/atras-univ-saida.dz\/en\/#organization","name":"ATRAS journal","alternateName":"ATRAS is a double-blind, peer-reviewed, and multidisciplinary journal issued by the Faculty of Letters, Languages, and Arts, Saida University","url":"https:\/\/atras-univ-saida.dz\/en\/","logo":{"@type":"ImageObject","inLanguage":"en-US","@id":"https:\/\/atras-univ-saida.dz\/en\/#\/schema\/logo\/image\/","url":"https:\/\/atras-univ-saida.dz\/en\/wp-content\/uploads\/2024\/05\/logo-512x512-1.png","contentUrl":"https:\/\/atras-univ-saida.dz\/en\/wp-content\/uploads\/2024\/05\/logo-512x512-1.png","width":512,"height":512,"caption":"ATRAS journal"},"image":{"@id":"https:\/\/atras-univ-saida.dz\/en\/#\/schema\/logo\/image\/"},"sameAs":["https:\/\/www.facebook.com\/p\/ATRAS-journal-100083161450894\/"]},{"@type":"Person","@id":"https:\/\/atras-univ-saida.dz\/en\/#\/schema\/person\/ad5e6fcff0b37638480b00e92868cd64","name":"atras","image":{"@type":"ImageObject","inLanguage":"en-US","@id":"https:\/\/secure.gravatar.com\/avatar\/607d3e9ced6ad1403645c0d9854f1d33abaeefbd7fecc154ab8216f3dd005418?s=96&d=mm&r=g","url":"https:\/\/secure.gravatar.com\/avatar\/607d3e9ced6ad1403645c0d9854f1d33abaeefbd7fecc154ab8216f3dd005418?s=96&d=mm&r=g","contentUrl":"https:\/\/secure.gravatar.com\/avatar\/607d3e9ced6ad1403645c0d9854f1d33abaeefbd7fecc154ab8216f3dd005418?s=96&d=mm&r=g","caption":"atras"},"url":"https:\/\/atras-univ-saida.dz\/en\/?author=2"}]}},"_links":{"self":[{"href":"https:\/\/atras-univ-saida.dz\/en\/index.php?rest_route=\/wp\/v2\/posts\/1699","targetHints":{"allow":["GET"]}}],"collection":[{"href":"https:\/\/atras-univ-saida.dz\/en\/index.php?rest_route=\/wp\/v2\/posts"}],"about":[{"href":"https:\/\/atras-univ-saida.dz\/en\/index.php?rest_route=\/wp\/v2\/types\/post"}],"author":[{"embeddable":true,"href":"https:\/\/atras-univ-saida.dz\/en\/index.php?rest_route=\/wp\/v2\/users\/2"}],"replies":[{"embeddable":true,"href":"https:\/\/atras-univ-saida.dz\/en\/index.php?rest_route=%2Fwp%2Fv2%2Fcomments&post=1699"}],"version-history":[{"count":3,"href":"https:\/\/atras-univ-saida.dz\/en\/index.php?rest_route=\/wp\/v2\/posts\/1699\/revisions"}],"predecessor-version":[{"id":2706,"href":"https:\/\/atras-univ-saida.dz\/en\/index.php?rest_route=\/wp\/v2\/posts\/1699\/revisions\/2706"}],"wp:featuredmedia":[{"embeddable":true,"href":"https:\/\/atras-univ-saida.dz\/en\/index.php?rest_route=\/wp\/v2\/media\/1282"}],"wp:attachment":[{"href":"https:\/\/atras-univ-saida.dz\/en\/index.php?rest_route=%2Fwp%2Fv2%2Fmedia&parent=1699"}],"wp:term":[{"taxonomy":"category","embeddable":true,"href":"https:\/\/atras-univ-saida.dz\/en\/index.php?rest_route=%2Fwp%2Fv2%2Fcategories&post=1699"},{"taxonomy":"post_tag","embeddable":true,"href":"https:\/\/atras-univ-saida.dz\/en\/index.php?rest_route=%2Fwp%2Fv2%2Ftags&post=1699"}],"curies":[{"name":"wp","href":"https:\/\/api.w.org\/{rel}","templated":true}]}}