{"id":2879,"date":"2025-01-15T08:00:00","date_gmt":"2025-01-15T08:00:00","guid":{"rendered":"https:\/\/atras-univ-saida.dz\/en\/?p=2879"},"modified":"2025-02-11T19:09:32","modified_gmt":"2025-02-11T19:09:32","slug":"discours-discrimination-facebook-haine-pragmatique","status":"publish","type":"post","link":"https:\/\/atras-univ-saida.dz\/en\/?p=2879","title":{"rendered":"Article 31-Issue 01 vol 6 January 2025"},"content":{"rendered":"\n<div id=\"section-g058939\" class=\"wp-block-gutentor-e1 section-g058939 gutentor-element gutentor-element-advanced-text text-align-center-desktop text-align-center-tablet text-align-justify-mobile\"><div class=\"gutentor-text-wrap\"><h1 class=\"gutentor-text\"><strong><strong>Analyse<\/strong> pragmatique des discours haineux dans le r\u00e9seau social Facebook<\/strong><\/h1><\/div><\/div>\n\n\n\n<div id=\"section-gcaaf61\" class=\"wp-block-gutentor-e1 section-gcaaf61 gutentor-element gutentor-element-advanced-text text-align-center-desktop\"><div class=\"gutentor-text-wrap\"><p class=\"gutentor-text\"><strong><strong>Souhila&nbsp; BOUKRI<br>Universit\u00e9 de Saida, Alg\u00e9rie<br><a href=\"mailto:souhila.boukri@univ-saida.dz\">souhila.boukri@univ-saida.dz<\/a><br><a href=\"https:\/\/orcid.org\/0000-0002-1362-968X\">https:\/\/orcid.org\/0000-0002-1362-968X<\/a><br>Sanaa ARDJANI<br>Universit\u00e9 de Saida, Alg\u00e9rie<br><a href=\"mailto:sanaa2001ardj@gmail.com\">sanaa2001ardj@gmail.com<\/a><\/strong><\/strong><\/p><\/div><\/div>\n\n\n\n<div id=\"section-gb144bb\" class=\"wp-block-gutentor-e0 section-gb144bb gutentor-element gutentor-element-advanced-text\"><div class=\"gutentor-text-wrap\"><p class=\"gutentor-text\"><strong>Abstract<\/strong><\/p><\/div><\/div>\n\n\n\n<div id=\"section-g6ab228\" class=\"wp-block-gutentor-e1 section-g6ab228 gutentor-element gutentor-element-advanced-text text-align-justify-desktop\"><div class=\"gutentor-text-wrap\"><p class=\"gutentor-text\">Les discours haineux visent \u00e0&nbsp;attaquer, d\u00e9grader ou discriminer un individu ou un groupe en raison de leur appartenance \u00e0 une cat\u00e9gorie sociale ou identitaire sp\u00e9cifique. Ce ph\u00e9nom\u00e8ne est r\u00e9current sur les r\u00e9seaux sociaux, y compris sur Facebook. Les commentaires haineux, les publications offensantes et les messages de stigmatisation sont courants sur la plateforme, malgr\u00e9 les politiques strictes de Facebook visant \u00e0 limiter leur propagation. Cet article s&#8217;inscrit dans le domaine de la pragmatique qui prend en compte tous les ph\u00e9nom\u00e8nes li\u00e9s au langage dans leur contexte d&#8217;utilisation, nous nous int\u00e9ressons \u00e0 \u00e9tudier le discours haineux sur le r\u00e9seau social Facebook. Nous avons effectu\u00e9 des observations primaires sur cette plateforme (r\u00e9seau que nous adoptons comme terrain d\u2019investigation) elles nous ont permis de constater la pr\u00e9sence de diff\u00e9rentes mani\u00e8res de discours haineux dans les publications et les commentaires. L&#8217;analyse de notre corpus comporte des captures d&#8217;\u00e9cran, des publications et des commentaires relatifs \u00e0 diff\u00e9rents \u00e9v\u00e9nements. Il est question d\u2019aborder les diff\u00e9rentes \u00e9tapes de l&#8217;analyse&nbsp;du corpus et de proposer une interpr\u00e9tation des r\u00e9sultats obtenus.<\/p><\/div><\/div>\n\n\n\n<div id=\"section-g101d01\" class=\"wp-block-gutentor-e0 section-g101d01 gutentor-element gutentor-element-advanced-text\"><div class=\"gutentor-text-wrap\"><p class=\"gutentor-text\"><strong>Keywords:<\/strong>  Discours, discrimination, Facebook, haine, pragmatique<\/p><\/div><\/div>\n\n\n<div class=\"wp-block-image\">\n<figure class=\"aligncenter size-full is-resized\"><a href=\"https:\/\/atras-univ-saida.dz\/archive\/index.php\/files\/article\/view\/160\/176\"><img loading=\"lazy\" decoding=\"async\" width=\"1000\" height=\"278\" src=\"https:\/\/atras-univ-saida.dz\/en\/wp-content\/uploads\/2024\/06\/image-2.png\" alt=\"\" class=\"wp-image-1136\" style=\"width:183px;height:auto\" srcset=\"https:\/\/atras-univ-saida.dz\/en\/wp-content\/uploads\/2024\/06\/image-2.png 1000w, https:\/\/atras-univ-saida.dz\/en\/wp-content\/uploads\/2024\/06\/image-2-300x83.png 300w, https:\/\/atras-univ-saida.dz\/en\/wp-content\/uploads\/2024\/06\/image-2-768x214.png 768w\" sizes=\"auto, (max-width: 1000px) 100vw, 1000px\" \/><\/a><\/figure>\n<\/div>\n\n\n<div id=\"section-g-f1j5110\" class=\"wp-block-gutentor-e1 section-g-f1j5110 gutentor-element gutentor-element-advanced-text text-align-left-desktop text-align-center-tablet text-align-justify-mobile\"><div class=\"gutentor-text-wrap\"><h1 class=\"gutentor-text\"><strong>DOI: https:\/\/doi.org\/10.70091\/Atras\/vol06no01.31<br><\/strong><\/h1><\/div><\/div>\n\n\n\n<div id=\"section-g014a7a\" class=\"wp-block-gutentor-e0 section-g014a7a gutentor-element gutentor-element-advanced-text\"><div class=\"gutentor-text-wrap\"><p class=\"gutentor-text\"><strong><strong>How to Cite this Paper&nbsp;:<\/strong><\/strong> <\/p><\/div><\/div>\n\n\n\n<div id=\"section-g-6aqqlf6\" class=\"wp-block-gutentor-e0 section-g-6aqqlf6 gutentor-element gutentor-element-advanced-text\"><div class=\"gutentor-text-wrap\"><p class=\"gutentor-text\">Boukri, S., &amp; Ardjani, S. (2024). Analyse pragmatique des discours haineux dans le r\u00e9seau social Facebook. <em>ATRAS Revue, <\/em>\u00a0<em>6<\/em> (1), 465-482<\/p><\/div><\/div>\n\n\n\n<div id=\"section-ga61cc2\" class=\"wp-block-gutentor-e0 section-ga61cc2 gutentor-element gutentor-element-advanced-text\"><div class=\"gutentor-text-wrap\"><p class=\"gutentor-text\"><strong>References<\/strong>:<\/p><\/div><\/div>\n\n\n\n<div id=\"section-g6ce608\" class=\"wp-block-gutentor-e1 section-g6ce608 gutentor-element gutentor-element-advanced-text text-align-justify-desktop text-align-justify-tablet text-align-justify-mobile\"><div class=\"gutentor-text-wrap\"><p class=\"gutentor-text\">Ahmad, A. et al. (2024). Hate speech detection in the Arabic Language: Corpus design, construction, and evaluation. <em>Frontiers in Artificial Intelligence, 7.<\/em> DOI 10.3389\/frai.2024.1345445<br>Armengaud, F. (2007). La Pragmatique. Paris, Presses Universitaires de France, \u00abQue sais-je?\u00bb.<br>Blanchet, P. (2016). <em>Discriminations : combattre la glottophobie.<\/em> Paris, Textuel.<br>Chakraborty, T., et al. (2022). AI-based detection of online hate speech: Challenges and advancements. <em>Computational Linguistics, 48<\/em>(3), 612\u2013635.<br>Charaudeau, P., &amp; Maingueneau, D. (2002). <em>Dictionnaire d\u2019analyse du discours.<\/em> Paris: Seuil.<br>Ducrot, O. (1984). <em>Le Dire et le dit<\/em>. Paris, \u00c9d. Minuit.<br>Ducrot, O. (1997). <em>Dire et ne pas dire, principes de s\u00e9mantique linguistique.<\/em> Hermann-collection des sciences.<br>Girard, C. (2014). <em>Le Droit et la haine. Libert\u00e9 d\u2019expression et discours de haine en d\u00e9mocratie. <\/em>Lyon, Esprit.<br>Jones, M., et al. (2023). Algorithmic amplification of hate speech on social networks. <em>Journal of Digital Ethics, 15<\/em>(2), 145\u2013167.<br>Kerbrat-Orecchioni, C. (1986). <em>L\u2019Implicite.<\/em> Paris, Colin.<br>Kerbrat-Orecchioni, C. (2001). <em>Les actes de langage dans le discours : th\u00e9orie et fonctionnement.<\/em> Paris, \u00e9d- Nathan, Coll. FAC.<br>Langshaw, A. J. (1970). <em>Quand dire c\u2019est faire<\/em>. Paris: Seuil.<br>L\u00f3pez, M., &amp; Guti\u00e9rrez, P. (2022). <em>Irony in digital hate speech: A hidden weapon. Pragmatics Today<\/em>, <em>30<\/em>(5), 400\u2013415.<br>Maingueneau, D. (1996). <em>Les termes cl\u00e9s de l\u2019analyse du discours.<\/em> Paris, Seuil.<br>Moeschler, J. (1985). <em>Argumentation et conversation, \u00c9l\u00e9ments pour une analyse pragmatique du discours. <\/em>Paris, Hatier-cr\u00e9dif.<br>Monnier, A., Seoane, A., Hub\u00e9, N., &amp; Leroux, P. (2021).Discours de haine dans les r\u00e9seaux\u00a0\u00a0\u00a0\u00a0<br>\u00a0\u00a0\u00a0\u00a0\u00a0\u00a0\u00a0\u00a0\u00a0\u00a0 socionum\u00e9riques. <em>Mots. Les langages du politique,<\/em> (1), 9-14. Disponible en\u00a0<br>\u00a0\u00a0\u00a0\u00a0\u00a0\u00a0\u00a0\u00a0\u00a0\u00a0\u00a0 ligne:\u00a0<a href=\"https:\/\/journals.openedition.org\/mots\/27808\" target=\"_blank\" rel=\"noreferrer noopener\">https:\/\/journals.openedition.org\/mots\/27808<\/a><br>P\u00e9rez, J. M., Luque, F. M., Zayat, D., &amp; Kondratzky, M. (2023). Assessing the impact of contextual information in hate speech detection. IEEE International Conference on Big Data. Disponible en ligne: <a href=\"https:\/\/ieeexplore.ieee.org\/ielx7\/6287639\/10005208\/10076443.pdf?tp=&amp;arnumber=10076443&amp;isnumber=10005208&amp;ref=\" target=\"_blank\" rel=\"noreferrer noopener\">https:\/\/ieeexplore.ieee.org\/ielx7\/6287639\/10005208\/10076443.pdf?tp=&amp;arnumber=10076443&amp;isnumber=10005208&amp;ref=<\/a><\/p><\/div><\/div>\n\n\n\n<figure class=\"wp-block-image size-full is-resized\"><img loading=\"lazy\" decoding=\"async\" width=\"145\" height=\"50\" src=\"https:\/\/atras-univ-saida.dz\/en\/wp-content\/uploads\/2025\/01\/image.png\" alt=\"\" class=\"wp-image-2538\" style=\"width:119px;height:auto\"\/><\/figure>\n\n\n\n<div id=\"section-g-6264hl4\" class=\"wp-block-gutentor-e1 section-g-6264hl4 gutentor-element gutentor-element-advanced-text text-align-justify-desktop\"><div class=\"gutentor-text-wrap\"><p class=\"gutentor-text\">Copyright for all articles published in&nbsp;<strong>ATRAS&nbsp;<\/strong>belongs to the author. The authors also grant permission to the publisher to publish, reproduce, distribute, and transmit the articles.&nbsp;<strong>ATRAS&nbsp;<\/strong>publishes accepted papers under the Creative Commons Attribution-NonCommercial 4.0 International (CC BY-NC 4.0) License. Authors submitting papers for publication in&nbsp;<strong>ATRAS&nbsp;<\/strong>agree to apply the CC BY-NC 4.0 license to their work. For non-commercial purposes, anyone may copy, redistribute material, remix, transform, and construct material in any media or format, provided that the terms of the license are observed and the original source is properly cited.<\/p><\/div><\/div>\n\n\n\n<p><\/p>\n","protected":false},"excerpt":{"rendered":"<p>Discours, discrimination, Facebook, haine, pragmatique <\/p>\n","protected":false},"author":2,"featured_media":0,"comment_status":"closed","ping_status":"closed","sticky":false,"template":"","format":"standard","meta":{"footnotes":""},"categories":[599],"tags":[731,732,733,734,735],"class_list":["post-2879","post","type-post","status-publish","format-standard","hentry","category-vol-06-n01-2025","tag-discours","tag-discrimination","tag-facebook","tag-haine","tag-pragmatique"],"gutentor_comment":0,"yoast_head":"<!-- This site is optimized with the Yoast SEO plugin v27.2 - https:\/\/yoast.com\/product\/yoast-seo-wordpress\/ -->\n<title>Article 31-Issue 01 vol 6 January 2025 - ATRAS journal<\/title>\n<meta name=\"description\" content=\"Discours, discrimination, Facebook, haine, pragmatique Les discours haineux visent \u00e0 attaquer, d\u00e9grader ou discriminer un individu ou un groupe en raison de leur appartenance \u00e0 une cat\u00e9gorie sociale ou identitaire sp\u00e9cifique. Ce ph\u00e9nom\u00e8ne est r\u00e9current sur les r\u00e9seaux sociaux, y compris sur Facebook. Les commentaires haineux, les publications offensantes et les messages de stigmatisation sont courants sur la plateforme, malgr\u00e9 les politiques strictes de Facebook visant \u00e0 limiter leur propagation. Cet article s&#039;inscrit dans le domaine de la pragmatique qui prend en compte tous les ph\u00e9nom\u00e8nes li\u00e9s au langage dans leur contexte d&#039;utilisation, nous nous int\u00e9ressons \u00e0 \u00e9tudier le discours haineux sur le r\u00e9seau social Facebook. Nous avons effectu\u00e9 des observations primaires sur cette plateforme (r\u00e9seau que nous adoptons comme terrain d\u2019investigation) elles nous ont permis de constater la pr\u00e9sence de diff\u00e9rentes mani\u00e8res de discours haineux dans les publications et les commentaires. L&#039;analyse de notre corpus comporte des captures d&#039;\u00e9cran, des publications et des commentaires relatifs \u00e0 diff\u00e9rents \u00e9v\u00e9nements. Il est question d\u2019aborder les diff\u00e9rentes \u00e9tapes de l&#039;analyse du corpus et de proposer une interpr\u00e9tation des r\u00e9sultats obtenus.\" \/>\n<meta name=\"robots\" content=\"index, follow, max-snippet:-1, max-image-preview:large, max-video-preview:-1\" \/>\n<link rel=\"canonical\" href=\"https:\/\/atras-univ-saida.dz\/en\/?p=2879\" \/>\n<meta property=\"og:locale\" content=\"en_US\" \/>\n<meta property=\"og:type\" content=\"article\" \/>\n<meta property=\"og:title\" content=\"Analyse pragmatique des discours haineux dans le r\u00e9seau social Facebook\" \/>\n<meta property=\"og:description\" content=\"Les discours haineux visent \u00e0 attaquer, d\u00e9grader ou discriminer un individu ou un groupe en raison de leur appartenance \u00e0 une cat\u00e9gorie sociale ou identitaire sp\u00e9cifique. Ce ph\u00e9nom\u00e8ne est r\u00e9current sur les r\u00e9seaux sociaux, y compris sur Facebook. Les commentaires haineux, les publications offensantes et les messages de stigmatisation sont courants sur la plateforme, malgr\u00e9 les politiques strictes de Facebook visant \u00e0 limiter leur propagation. Cet article s&#039;inscrit dans le domaine de la pragmatique qui prend en compte tous les ph\u00e9nom\u00e8nes li\u00e9s au langage dans leur contexte d&#039;utilisation, nous nous int\u00e9ressons \u00e0 \u00e9tudier le discours haineux sur le r\u00e9seau social Facebook. Nous avons effectu\u00e9 des observations primaires sur cette plateforme (r\u00e9seau que nous adoptons comme terrain d\u2019investigation) elles nous ont permis de constater la pr\u00e9sence de diff\u00e9rentes mani\u00e8res de discours haineux dans les publications et les commentaires. L&#039;analyse de notre corpus comporte des captures d&#039;\u00e9cran, des publications et des commentaires relatifs \u00e0 diff\u00e9rents \u00e9v\u00e9nements. Il est question d\u2019aborder les diff\u00e9rentes \u00e9tapes de l&#039;analyse du corpus et de proposer une interpr\u00e9tation des r\u00e9sultats obtenus.\" \/>\n<meta property=\"og:url\" content=\"https:\/\/atras-univ-saida.dz\/en\/?p=2879\" \/>\n<meta property=\"og:site_name\" content=\"ATRAS journal\" \/>\n<meta property=\"article:publisher\" content=\"https:\/\/www.facebook.com\/p\/ATRAS-journal-100083161450894\/\" \/>\n<meta property=\"article:published_time\" content=\"2025-01-15T08:00:00+00:00\" \/>\n<meta property=\"article:modified_time\" content=\"2025-02-11T19:09:32+00:00\" \/>\n<meta property=\"og:image\" content=\"https:\/\/atras-univ-saida.dz\/en\/wp-content\/uploads\/2024\/06\/image-2.png\" \/>\n\t<meta property=\"og:image:width\" content=\"1000\" \/>\n\t<meta property=\"og:image:height\" content=\"278\" \/>\n\t<meta property=\"og:image:type\" content=\"image\/png\" \/>\n<meta name=\"author\" content=\"atras\" \/>\n<meta name=\"twitter:card\" content=\"summary_large_image\" \/>\n<meta name=\"twitter:title\" content=\"Analyse pragmatique des discours haineux dans le r\u00e9seau social Facebook\" \/>\n<meta name=\"twitter:description\" content=\"Les discours haineux visent \u00e0 attaquer, d\u00e9grader ou discriminer un individu ou un groupe en raison de leur appartenance \u00e0 une cat\u00e9gorie sociale ou identitaire sp\u00e9cifique. Ce ph\u00e9nom\u00e8ne est r\u00e9current sur les r\u00e9seaux sociaux, y compris sur Facebook. Les commentaires haineux, les publications offensantes et les messages de stigmatisation sont courants sur la plateforme, malgr\u00e9 les politiques strictes de Facebook visant \u00e0 limiter leur propagation. Cet article s&#039;inscrit dans le domaine de la pragmatique qui prend en compte tous les ph\u00e9nom\u00e8nes li\u00e9s au langage dans leur contexte d&#039;utilisation, nous nous int\u00e9ressons \u00e0 \u00e9tudier le discours haineux sur le r\u00e9seau social Facebook. Nous avons effectu\u00e9 des observations primaires sur cette plateforme (r\u00e9seau que nous adoptons comme terrain d\u2019investigation) elles nous ont permis de constater la pr\u00e9sence de diff\u00e9rentes mani\u00e8res de discours haineux dans les publications et les commentaires. L&#039;analyse de notre corpus comporte des captures d&#039;\u00e9cran, des publications et des commentaires relatifs \u00e0 diff\u00e9rents \u00e9v\u00e9nements. Il est question d\u2019aborder les diff\u00e9rentes \u00e9tapes de l&#039;analyse du corpus et de proposer une interpr\u00e9tation des r\u00e9sultats obtenus.\" \/>\n<meta name=\"twitter:label1\" content=\"Written by\" \/>\n\t<meta name=\"twitter:data1\" content=\"atras\" \/>\n\t<meta name=\"twitter:label2\" content=\"Est. reading time\" \/>\n\t<meta name=\"twitter:data2\" content=\"4 minutes\" \/>\n<script type=\"application\/ld+json\" class=\"yoast-schema-graph\">{\"@context\":\"https:\/\/schema.org\",\"@graph\":[{\"@type\":\"Article\",\"@id\":\"https:\/\/atras-univ-saida.dz\/en\/?p=2879#article\",\"isPartOf\":{\"@id\":\"https:\/\/atras-univ-saida.dz\/en\/?p=2879\"},\"author\":{\"name\":\"atras\",\"@id\":\"https:\/\/atras-univ-saida.dz\/en\/#\/schema\/person\/ad5e6fcff0b37638480b00e92868cd64\"},\"headline\":\"Article 31-Issue 01 vol 6 January 2025\",\"datePublished\":\"2025-01-15T08:00:00+00:00\",\"dateModified\":\"2025-02-11T19:09:32+00:00\",\"mainEntityOfPage\":{\"@id\":\"https:\/\/atras-univ-saida.dz\/en\/?p=2879\"},\"wordCount\":662,\"publisher\":{\"@id\":\"https:\/\/atras-univ-saida.dz\/en\/#organization\"},\"image\":{\"@id\":\"https:\/\/atras-univ-saida.dz\/en\/?p=2879#primaryimage\"},\"thumbnailUrl\":\"https:\/\/atras-univ-saida.dz\/en\/wp-content\/uploads\/2024\/06\/image-2.png\",\"keywords\":[\"Discours\",\"discrimination\",\"Facebook\",\"haine\",\"pragmatique\"],\"articleSection\":[\"Vol 06 N01 2025\"],\"inLanguage\":\"en-US\"},{\"@type\":\"WebPage\",\"@id\":\"https:\/\/atras-univ-saida.dz\/en\/?p=2879\",\"url\":\"https:\/\/atras-univ-saida.dz\/en\/?p=2879\",\"name\":\"Article 31-Issue 01 vol 6 January 2025 - ATRAS journal\",\"isPartOf\":{\"@id\":\"https:\/\/atras-univ-saida.dz\/en\/#website\"},\"primaryImageOfPage\":{\"@id\":\"https:\/\/atras-univ-saida.dz\/en\/?p=2879#primaryimage\"},\"image\":{\"@id\":\"https:\/\/atras-univ-saida.dz\/en\/?p=2879#primaryimage\"},\"thumbnailUrl\":\"https:\/\/atras-univ-saida.dz\/en\/wp-content\/uploads\/2024\/06\/image-2.png\",\"datePublished\":\"2025-01-15T08:00:00+00:00\",\"dateModified\":\"2025-02-11T19:09:32+00:00\",\"description\":\"Discours, discrimination, Facebook, haine, pragmatique Les discours haineux visent \u00e0 attaquer, d\u00e9grader ou discriminer un individu ou un groupe en raison de leur appartenance \u00e0 une cat\u00e9gorie sociale ou identitaire sp\u00e9cifique. Ce ph\u00e9nom\u00e8ne est r\u00e9current sur les r\u00e9seaux sociaux, y compris sur Facebook. Les commentaires haineux, les publications offensantes et les messages de stigmatisation sont courants sur la plateforme, malgr\u00e9 les politiques strictes de Facebook visant \u00e0 limiter leur propagation. Cet article s'inscrit dans le domaine de la pragmatique qui prend en compte tous les ph\u00e9nom\u00e8nes li\u00e9s au langage dans leur contexte d'utilisation, nous nous int\u00e9ressons \u00e0 \u00e9tudier le discours haineux sur le r\u00e9seau social Facebook. Nous avons effectu\u00e9 des observations primaires sur cette plateforme (r\u00e9seau que nous adoptons comme terrain d\u2019investigation) elles nous ont permis de constater la pr\u00e9sence de diff\u00e9rentes mani\u00e8res de discours haineux dans les publications et les commentaires. L'analyse de notre corpus comporte des captures d'\u00e9cran, des publications et des commentaires relatifs \u00e0 diff\u00e9rents \u00e9v\u00e9nements. Il est question d\u2019aborder les diff\u00e9rentes \u00e9tapes de l'analyse du corpus et de proposer une interpr\u00e9tation des r\u00e9sultats obtenus.\",\"breadcrumb\":{\"@id\":\"https:\/\/atras-univ-saida.dz\/en\/?p=2879#breadcrumb\"},\"inLanguage\":\"en-US\",\"potentialAction\":[{\"@type\":\"ReadAction\",\"target\":[\"https:\/\/atras-univ-saida.dz\/en\/?p=2879\"]}]},{\"@type\":\"ImageObject\",\"inLanguage\":\"en-US\",\"@id\":\"https:\/\/atras-univ-saida.dz\/en\/?p=2879#primaryimage\",\"url\":\"https:\/\/atras-univ-saida.dz\/en\/wp-content\/uploads\/2024\/06\/image-2.png\",\"contentUrl\":\"https:\/\/atras-univ-saida.dz\/en\/wp-content\/uploads\/2024\/06\/image-2.png\",\"width\":1000,\"height\":278},{\"@type\":\"BreadcrumbList\",\"@id\":\"https:\/\/atras-univ-saida.dz\/en\/?p=2879#breadcrumb\",\"itemListElement\":[{\"@type\":\"ListItem\",\"position\":1,\"name\":\"Home\",\"item\":\"https:\/\/atras-univ-saida.dz\/en\/\"},{\"@type\":\"ListItem\",\"position\":2,\"name\":\"Article 31-Issue 01 vol 6 January 2025\"}]},{\"@type\":\"WebSite\",\"@id\":\"https:\/\/atras-univ-saida.dz\/en\/#website\",\"url\":\"https:\/\/atras-univ-saida.dz\/en\/\",\"name\":\"ATRAS journal\",\"description\":\"ATRAS is a double-blind, peer-reviewed, and multidisciplinary journal issued by the Faculty of Letters, Languages, and Arts, Saida University\",\"publisher\":{\"@id\":\"https:\/\/atras-univ-saida.dz\/en\/#organization\"},\"alternateName\":\"ATRAS journal\",\"potentialAction\":[{\"@type\":\"SearchAction\",\"target\":{\"@type\":\"EntryPoint\",\"urlTemplate\":\"https:\/\/atras-univ-saida.dz\/en\/?s={search_term_string}\"},\"query-input\":{\"@type\":\"PropertyValueSpecification\",\"valueRequired\":true,\"valueName\":\"search_term_string\"}}],\"inLanguage\":\"en-US\"},{\"@type\":\"Organization\",\"@id\":\"https:\/\/atras-univ-saida.dz\/en\/#organization\",\"name\":\"ATRAS journal\",\"alternateName\":\"ATRAS is a double-blind, peer-reviewed, and multidisciplinary journal issued by the Faculty of Letters, Languages, and Arts, Saida University\",\"url\":\"https:\/\/atras-univ-saida.dz\/en\/\",\"logo\":{\"@type\":\"ImageObject\",\"inLanguage\":\"en-US\",\"@id\":\"https:\/\/atras-univ-saida.dz\/en\/#\/schema\/logo\/image\/\",\"url\":\"https:\/\/atras-univ-saida.dz\/en\/wp-content\/uploads\/2024\/05\/logo-512x512-1.png\",\"contentUrl\":\"https:\/\/atras-univ-saida.dz\/en\/wp-content\/uploads\/2024\/05\/logo-512x512-1.png\",\"width\":512,\"height\":512,\"caption\":\"ATRAS journal\"},\"image\":{\"@id\":\"https:\/\/atras-univ-saida.dz\/en\/#\/schema\/logo\/image\/\"},\"sameAs\":[\"https:\/\/www.facebook.com\/p\/ATRAS-journal-100083161450894\/\"]},{\"@type\":\"Person\",\"@id\":\"https:\/\/atras-univ-saida.dz\/en\/#\/schema\/person\/ad5e6fcff0b37638480b00e92868cd64\",\"name\":\"atras\",\"image\":{\"@type\":\"ImageObject\",\"inLanguage\":\"en-US\",\"@id\":\"https:\/\/secure.gravatar.com\/avatar\/607d3e9ced6ad1403645c0d9854f1d33abaeefbd7fecc154ab8216f3dd005418?s=96&d=mm&r=g\",\"url\":\"https:\/\/secure.gravatar.com\/avatar\/607d3e9ced6ad1403645c0d9854f1d33abaeefbd7fecc154ab8216f3dd005418?s=96&d=mm&r=g\",\"contentUrl\":\"https:\/\/secure.gravatar.com\/avatar\/607d3e9ced6ad1403645c0d9854f1d33abaeefbd7fecc154ab8216f3dd005418?s=96&d=mm&r=g\",\"caption\":\"atras\"},\"url\":\"https:\/\/atras-univ-saida.dz\/en\/?author=2\"}]}<\/script>\n<!-- \/ Yoast SEO plugin. -->","yoast_head_json":{"title":"Article 31-Issue 01 vol 6 January 2025 - ATRAS journal","description":"Discours, discrimination, Facebook, haine, pragmatique Les discours haineux visent \u00e0 attaquer, d\u00e9grader ou discriminer un individu ou un groupe en raison de leur appartenance \u00e0 une cat\u00e9gorie sociale ou identitaire sp\u00e9cifique. Ce ph\u00e9nom\u00e8ne est r\u00e9current sur les r\u00e9seaux sociaux, y compris sur Facebook. Les commentaires haineux, les publications offensantes et les messages de stigmatisation sont courants sur la plateforme, malgr\u00e9 les politiques strictes de Facebook visant \u00e0 limiter leur propagation. Cet article s'inscrit dans le domaine de la pragmatique qui prend en compte tous les ph\u00e9nom\u00e8nes li\u00e9s au langage dans leur contexte d'utilisation, nous nous int\u00e9ressons \u00e0 \u00e9tudier le discours haineux sur le r\u00e9seau social Facebook. Nous avons effectu\u00e9 des observations primaires sur cette plateforme (r\u00e9seau que nous adoptons comme terrain d\u2019investigation) elles nous ont permis de constater la pr\u00e9sence de diff\u00e9rentes mani\u00e8res de discours haineux dans les publications et les commentaires. L'analyse de notre corpus comporte des captures d'\u00e9cran, des publications et des commentaires relatifs \u00e0 diff\u00e9rents \u00e9v\u00e9nements. Il est question d\u2019aborder les diff\u00e9rentes \u00e9tapes de l'analyse du corpus et de proposer une interpr\u00e9tation des r\u00e9sultats obtenus.","robots":{"index":"index","follow":"follow","max-snippet":"max-snippet:-1","max-image-preview":"max-image-preview:large","max-video-preview":"max-video-preview:-1"},"canonical":"https:\/\/atras-univ-saida.dz\/en\/?p=2879","og_locale":"en_US","og_type":"article","og_title":"Analyse pragmatique des discours haineux dans le r\u00e9seau social Facebook","og_description":"Les discours haineux visent \u00e0 attaquer, d\u00e9grader ou discriminer un individu ou un groupe en raison de leur appartenance \u00e0 une cat\u00e9gorie sociale ou identitaire sp\u00e9cifique. Ce ph\u00e9nom\u00e8ne est r\u00e9current sur les r\u00e9seaux sociaux, y compris sur Facebook. Les commentaires haineux, les publications offensantes et les messages de stigmatisation sont courants sur la plateforme, malgr\u00e9 les politiques strictes de Facebook visant \u00e0 limiter leur propagation. Cet article s'inscrit dans le domaine de la pragmatique qui prend en compte tous les ph\u00e9nom\u00e8nes li\u00e9s au langage dans leur contexte d'utilisation, nous nous int\u00e9ressons \u00e0 \u00e9tudier le discours haineux sur le r\u00e9seau social Facebook. Nous avons effectu\u00e9 des observations primaires sur cette plateforme (r\u00e9seau que nous adoptons comme terrain d\u2019investigation) elles nous ont permis de constater la pr\u00e9sence de diff\u00e9rentes mani\u00e8res de discours haineux dans les publications et les commentaires. L'analyse de notre corpus comporte des captures d'\u00e9cran, des publications et des commentaires relatifs \u00e0 diff\u00e9rents \u00e9v\u00e9nements. Il est question d\u2019aborder les diff\u00e9rentes \u00e9tapes de l'analyse du corpus et de proposer une interpr\u00e9tation des r\u00e9sultats obtenus.","og_url":"https:\/\/atras-univ-saida.dz\/en\/?p=2879","og_site_name":"ATRAS journal","article_publisher":"https:\/\/www.facebook.com\/p\/ATRAS-journal-100083161450894\/","article_published_time":"2025-01-15T08:00:00+00:00","article_modified_time":"2025-02-11T19:09:32+00:00","og_image":[{"width":1000,"height":278,"url":"https:\/\/atras-univ-saida.dz\/en\/wp-content\/uploads\/2024\/06\/image-2.png","type":"image\/png"}],"author":"atras","twitter_card":"summary_large_image","twitter_title":"Analyse pragmatique des discours haineux dans le r\u00e9seau social Facebook","twitter_description":"Les discours haineux visent \u00e0 attaquer, d\u00e9grader ou discriminer un individu ou un groupe en raison de leur appartenance \u00e0 une cat\u00e9gorie sociale ou identitaire sp\u00e9cifique. Ce ph\u00e9nom\u00e8ne est r\u00e9current sur les r\u00e9seaux sociaux, y compris sur Facebook. Les commentaires haineux, les publications offensantes et les messages de stigmatisation sont courants sur la plateforme, malgr\u00e9 les politiques strictes de Facebook visant \u00e0 limiter leur propagation. Cet article s'inscrit dans le domaine de la pragmatique qui prend en compte tous les ph\u00e9nom\u00e8nes li\u00e9s au langage dans leur contexte d'utilisation, nous nous int\u00e9ressons \u00e0 \u00e9tudier le discours haineux sur le r\u00e9seau social Facebook. Nous avons effectu\u00e9 des observations primaires sur cette plateforme (r\u00e9seau que nous adoptons comme terrain d\u2019investigation) elles nous ont permis de constater la pr\u00e9sence de diff\u00e9rentes mani\u00e8res de discours haineux dans les publications et les commentaires. L'analyse de notre corpus comporte des captures d'\u00e9cran, des publications et des commentaires relatifs \u00e0 diff\u00e9rents \u00e9v\u00e9nements. Il est question d\u2019aborder les diff\u00e9rentes \u00e9tapes de l'analyse du corpus et de proposer une interpr\u00e9tation des r\u00e9sultats obtenus.","twitter_misc":{"Written by":"atras","Est. reading time":"4 minutes"},"schema":{"@context":"https:\/\/schema.org","@graph":[{"@type":"Article","@id":"https:\/\/atras-univ-saida.dz\/en\/?p=2879#article","isPartOf":{"@id":"https:\/\/atras-univ-saida.dz\/en\/?p=2879"},"author":{"name":"atras","@id":"https:\/\/atras-univ-saida.dz\/en\/#\/schema\/person\/ad5e6fcff0b37638480b00e92868cd64"},"headline":"Article 31-Issue 01 vol 6 January 2025","datePublished":"2025-01-15T08:00:00+00:00","dateModified":"2025-02-11T19:09:32+00:00","mainEntityOfPage":{"@id":"https:\/\/atras-univ-saida.dz\/en\/?p=2879"},"wordCount":662,"publisher":{"@id":"https:\/\/atras-univ-saida.dz\/en\/#organization"},"image":{"@id":"https:\/\/atras-univ-saida.dz\/en\/?p=2879#primaryimage"},"thumbnailUrl":"https:\/\/atras-univ-saida.dz\/en\/wp-content\/uploads\/2024\/06\/image-2.png","keywords":["Discours","discrimination","Facebook","haine","pragmatique"],"articleSection":["Vol 06 N01 2025"],"inLanguage":"en-US"},{"@type":"WebPage","@id":"https:\/\/atras-univ-saida.dz\/en\/?p=2879","url":"https:\/\/atras-univ-saida.dz\/en\/?p=2879","name":"Article 31-Issue 01 vol 6 January 2025 - ATRAS journal","isPartOf":{"@id":"https:\/\/atras-univ-saida.dz\/en\/#website"},"primaryImageOfPage":{"@id":"https:\/\/atras-univ-saida.dz\/en\/?p=2879#primaryimage"},"image":{"@id":"https:\/\/atras-univ-saida.dz\/en\/?p=2879#primaryimage"},"thumbnailUrl":"https:\/\/atras-univ-saida.dz\/en\/wp-content\/uploads\/2024\/06\/image-2.png","datePublished":"2025-01-15T08:00:00+00:00","dateModified":"2025-02-11T19:09:32+00:00","description":"Discours, discrimination, Facebook, haine, pragmatique Les discours haineux visent \u00e0 attaquer, d\u00e9grader ou discriminer un individu ou un groupe en raison de leur appartenance \u00e0 une cat\u00e9gorie sociale ou identitaire sp\u00e9cifique. Ce ph\u00e9nom\u00e8ne est r\u00e9current sur les r\u00e9seaux sociaux, y compris sur Facebook. Les commentaires haineux, les publications offensantes et les messages de stigmatisation sont courants sur la plateforme, malgr\u00e9 les politiques strictes de Facebook visant \u00e0 limiter leur propagation. Cet article s'inscrit dans le domaine de la pragmatique qui prend en compte tous les ph\u00e9nom\u00e8nes li\u00e9s au langage dans leur contexte d'utilisation, nous nous int\u00e9ressons \u00e0 \u00e9tudier le discours haineux sur le r\u00e9seau social Facebook. Nous avons effectu\u00e9 des observations primaires sur cette plateforme (r\u00e9seau que nous adoptons comme terrain d\u2019investigation) elles nous ont permis de constater la pr\u00e9sence de diff\u00e9rentes mani\u00e8res de discours haineux dans les publications et les commentaires. L'analyse de notre corpus comporte des captures d'\u00e9cran, des publications et des commentaires relatifs \u00e0 diff\u00e9rents \u00e9v\u00e9nements. Il est question d\u2019aborder les diff\u00e9rentes \u00e9tapes de l'analyse du corpus et de proposer une interpr\u00e9tation des r\u00e9sultats obtenus.","breadcrumb":{"@id":"https:\/\/atras-univ-saida.dz\/en\/?p=2879#breadcrumb"},"inLanguage":"en-US","potentialAction":[{"@type":"ReadAction","target":["https:\/\/atras-univ-saida.dz\/en\/?p=2879"]}]},{"@type":"ImageObject","inLanguage":"en-US","@id":"https:\/\/atras-univ-saida.dz\/en\/?p=2879#primaryimage","url":"https:\/\/atras-univ-saida.dz\/en\/wp-content\/uploads\/2024\/06\/image-2.png","contentUrl":"https:\/\/atras-univ-saida.dz\/en\/wp-content\/uploads\/2024\/06\/image-2.png","width":1000,"height":278},{"@type":"BreadcrumbList","@id":"https:\/\/atras-univ-saida.dz\/en\/?p=2879#breadcrumb","itemListElement":[{"@type":"ListItem","position":1,"name":"Home","item":"https:\/\/atras-univ-saida.dz\/en\/"},{"@type":"ListItem","position":2,"name":"Article 31-Issue 01 vol 6 January 2025"}]},{"@type":"WebSite","@id":"https:\/\/atras-univ-saida.dz\/en\/#website","url":"https:\/\/atras-univ-saida.dz\/en\/","name":"ATRAS journal","description":"ATRAS is a double-blind, peer-reviewed, and multidisciplinary journal issued by the Faculty of Letters, Languages, and Arts, Saida University","publisher":{"@id":"https:\/\/atras-univ-saida.dz\/en\/#organization"},"alternateName":"ATRAS journal","potentialAction":[{"@type":"SearchAction","target":{"@type":"EntryPoint","urlTemplate":"https:\/\/atras-univ-saida.dz\/en\/?s={search_term_string}"},"query-input":{"@type":"PropertyValueSpecification","valueRequired":true,"valueName":"search_term_string"}}],"inLanguage":"en-US"},{"@type":"Organization","@id":"https:\/\/atras-univ-saida.dz\/en\/#organization","name":"ATRAS journal","alternateName":"ATRAS is a double-blind, peer-reviewed, and multidisciplinary journal issued by the Faculty of Letters, Languages, and Arts, Saida University","url":"https:\/\/atras-univ-saida.dz\/en\/","logo":{"@type":"ImageObject","inLanguage":"en-US","@id":"https:\/\/atras-univ-saida.dz\/en\/#\/schema\/logo\/image\/","url":"https:\/\/atras-univ-saida.dz\/en\/wp-content\/uploads\/2024\/05\/logo-512x512-1.png","contentUrl":"https:\/\/atras-univ-saida.dz\/en\/wp-content\/uploads\/2024\/05\/logo-512x512-1.png","width":512,"height":512,"caption":"ATRAS journal"},"image":{"@id":"https:\/\/atras-univ-saida.dz\/en\/#\/schema\/logo\/image\/"},"sameAs":["https:\/\/www.facebook.com\/p\/ATRAS-journal-100083161450894\/"]},{"@type":"Person","@id":"https:\/\/atras-univ-saida.dz\/en\/#\/schema\/person\/ad5e6fcff0b37638480b00e92868cd64","name":"atras","image":{"@type":"ImageObject","inLanguage":"en-US","@id":"https:\/\/secure.gravatar.com\/avatar\/607d3e9ced6ad1403645c0d9854f1d33abaeefbd7fecc154ab8216f3dd005418?s=96&d=mm&r=g","url":"https:\/\/secure.gravatar.com\/avatar\/607d3e9ced6ad1403645c0d9854f1d33abaeefbd7fecc154ab8216f3dd005418?s=96&d=mm&r=g","contentUrl":"https:\/\/secure.gravatar.com\/avatar\/607d3e9ced6ad1403645c0d9854f1d33abaeefbd7fecc154ab8216f3dd005418?s=96&d=mm&r=g","caption":"atras"},"url":"https:\/\/atras-univ-saida.dz\/en\/?author=2"}]}},"_links":{"self":[{"href":"https:\/\/atras-univ-saida.dz\/en\/index.php?rest_route=\/wp\/v2\/posts\/2879","targetHints":{"allow":["GET"]}}],"collection":[{"href":"https:\/\/atras-univ-saida.dz\/en\/index.php?rest_route=\/wp\/v2\/posts"}],"about":[{"href":"https:\/\/atras-univ-saida.dz\/en\/index.php?rest_route=\/wp\/v2\/types\/post"}],"author":[{"embeddable":true,"href":"https:\/\/atras-univ-saida.dz\/en\/index.php?rest_route=\/wp\/v2\/users\/2"}],"replies":[{"embeddable":true,"href":"https:\/\/atras-univ-saida.dz\/en\/index.php?rest_route=%2Fwp%2Fv2%2Fcomments&post=2879"}],"version-history":[{"count":4,"href":"https:\/\/atras-univ-saida.dz\/en\/index.php?rest_route=\/wp\/v2\/posts\/2879\/revisions"}],"predecessor-version":[{"id":3065,"href":"https:\/\/atras-univ-saida.dz\/en\/index.php?rest_route=\/wp\/v2\/posts\/2879\/revisions\/3065"}],"wp:attachment":[{"href":"https:\/\/atras-univ-saida.dz\/en\/index.php?rest_route=%2Fwp%2Fv2%2Fmedia&parent=2879"}],"wp:term":[{"taxonomy":"category","embeddable":true,"href":"https:\/\/atras-univ-saida.dz\/en\/index.php?rest_route=%2Fwp%2Fv2%2Fcategories&post=2879"},{"taxonomy":"post_tag","embeddable":true,"href":"https:\/\/atras-univ-saida.dz\/en\/index.php?rest_route=%2Fwp%2Fv2%2Ftags&post=2879"}],"curies":[{"name":"wp","href":"https:\/\/api.w.org\/{rel}","templated":true}]}}